{"id":4687,"date":"2026-03-10T13:01:48","date_gmt":"2026-03-10T05:01:48","guid":{"rendered":"https:\/\/mostebglass.com\/?p=4687"},"modified":"2026-03-10T13:01:55","modified_gmt":"2026-03-10T05:01:55","slug":"annealed-vs-tempered-glass-for-tealight-holders","status":"publish","type":"post","link":"https:\/\/mostebglass.com\/cs\/annealed-vs-tempered-glass-for-tealight-holders\/","title":{"rendered":"\u017d\u00edhan\u00e9 vs. tvrzen\u00e9 sklo pro sv\u00ed\u010dky na \u010dajov\u00e9 sv\u00ed\u010dky"},"content":{"rendered":"<div data-elementor-type=\"wp-post\" data-elementor-id=\"4687\" class=\"elementor elementor-4687\" data-elementor-settings=\"{&quot;ha_cmc_init_switcher&quot;:&quot;no&quot;}\" data-elementor-post-type=\"post\">\n\t\t\t\t<div class=\"elementor-element elementor-element-9453da9 e-flex e-con-boxed e-con e-parent\" data-id=\"9453da9\" data-element_type=\"container\" data-e-type=\"container\" data-settings=\"{&quot;_ha_eqh_enable&quot;:false}\">\n\t\t\t\t\t<div class=\"e-con-inner\">\n\t\t\t\t<div class=\"elementor-element elementor-element-eb189b7 elementor-widget elementor-widget-text-editor\" data-id=\"eb189b7\" data-element_type=\"widget\" data-e-type=\"widget\" data-widget_type=\"text-editor.default\">\n\t\t\t\t\t\t\t\t\t<p>V\u00fdsledky jsou ur\u010deny \u017e\u00edhan\u00fdm versus tvrzen\u00fdm sklem. M\u00e1m patn\u00e1ct let zku\u0161enost\u00ed s integrovan\u00fdmi slu\u017ebami v tov\u00e1rn\u00e1ch na sv\u00ed\u010dky a dodavatelsk\u00fdch \u0159et\u011bzc\u00edch skla a tady je to nep\u0159\u00edjemn\u00e9 tajemstv\u00ed: v\u011bt\u0161ina <a href=\"https:\/\/mostebglass.com\/cs\/\">dr\u017e\u00e1k na \u010dajov\u00e9 sv\u00ed\u010dky<\/a> Selh\u00e1n\u00ed nesouvis\u00ed s designem, chemick\u00fdm slo\u017een\u00edm vonn\u00e9ho oleje ani s pr\u016fm\u011brem knotu, ale s jedn\u00edm z\u00e1sadn\u00edm rozhodnut\u00edm, kter\u00e9 bylo u\u010din\u011bno n\u011bkolik m\u011bs\u00edc\u016f p\u0159edt\u00edm na tom, co se zd\u00e1lo jako dvacetiminutov\u00e1 sch\u016fzka o zad\u00e1v\u00e1n\u00ed ve\u0159ejn\u00fdch zak\u00e1zek.<\/p><p>Tak\u017ee. Kter\u00e9 sklo se ve sv\u00ed\u010dce netav\u00ed?<\/p>\t\t\t\t\t\t\t\t<\/div>\n\t\t\t\t<div class=\"elementor-element elementor-element-c876c93 elementor-widget elementor-widget-heading\" data-id=\"c876c93\" data-element_type=\"widget\" data-e-type=\"widget\" data-widget_type=\"heading.default\">\n\t\t\t\t\t<h2 class=\"elementor-heading-title elementor-size-default\">1. Realita odv\u011btv\u00ed, kterou nikdo ne\u0159\u00edk\u00e1 nahlas<\/h2>\t\t\t\t<\/div>\n\t\t\t\t<div class=\"elementor-element elementor-element-26a8229 elementor-widget elementor-widget-text-editor\" data-id=\"26a8229\" data-element_type=\"widget\" data-e-type=\"widget\" data-widget_type=\"text-editor.default\">\n\t\t\t\t\t\t\t\t\t<p>Dominuje \u017e\u00edhan\u00e9 sklo.<\/p><p>Je vybr\u00e1n kv\u016fli snadn\u00e9 povaze procesu v\u00fdroby \u017e\u00edhan\u00e9ho skla, proto\u017ee roztaven\u00e9 sodnov\u00e1penat\u00e9 sklo (SiO2 = 72 %, Na2O = 14 %, CaO = 10 %) pomalu tuhne ochlazov\u00e1n\u00edm v \u017e\u00edhac\u00ed peci p\u0159i teplot\u011b p\u0159ibli\u017en\u011b 540\u2013600 \u00b0C, \u010d\u00edm\u017e se eliminuje vnit\u0159n\u00ed pnut\u00ed. Levn\u00e9. P\u0159edv\u00eddateln\u00e9. Rychl\u00e9.<\/p><p>Teplo v\u0161ak rovnici m\u011bn\u00ed.<\/p><p>Plamen \u010dajov\u00e9 sv\u00ed\u010dky ho\u0159\u00ed u knotu a\u017e do 800\u20131000 \u00b0C, p\u0159i\u010dem\u017e povrch pouzdra se ochlazuje na 120\u2013250 \u00b0C v z\u00e1vislosti na tlou\u0161\u0165ce st\u011bn a proud\u011bn\u00ed vzduchu. Pr\u00e1v\u011b tehdy se projev\u00ed rozd\u00edl mezi \u017e\u00edhan\u00fdm a tvrzen\u00fdm sklem.<\/p><p>P\u0159i teplotn\u00edm rozd\u00edlu 40-60 \u00b0C se \u017e\u00edhan\u00e9 sklo vlivem tepeln\u00e9ho \u0161oku l\u00e1me.<\/p><p>Tvrzen\u00e9 sklo? \u010casto sn\u00e1\u0161\u00ed teploty nad 200 \u00b0C.<\/p><p>To nen\u00ed marketingov\u00fd text. To je fyzika.<\/p><p>A \u2013 byl jsem sv\u011bdkem v\u00fdsledk\u016f.<\/p><p>V roce 2024 zaznamenala americk\u00e1 Komise pro bezpe\u010dnost spot\u0159ebn\u00edho zbo\u017e\u00ed n\u011bkolik p\u0159\u00edpad\u016f sta\u017een\u00ed z trhu kv\u016fli prask\u00e1n\u00ed n\u00e1dob na sv\u00ed\u010dky v d\u016fsledku tepeln\u00e9ho nam\u00e1h\u00e1n\u00ed. P\u0159\u00edkladem bylo sta\u017een\u00ed v\u00edce ne\u017e 1 milionu kus\u016f sv\u00ed\u010dek z d\u016fvodu nebezpe\u010d\u00ed po\u017e\u00e1ru, jak uvedla vl\u00e1dn\u00ed zpr\u00e1va o sta\u017een\u00ed z trhu americk\u00e1 Komise pro bezpe\u010dnost spot\u0159ebn\u00edho zbo\u017e\u00ed.<\/p><p>Spou\u0161\u0165?<\/p><p>Selh\u00e1n\u00ed kontejneru.<\/p><p>Ne v\u016fn\u011b. Ne knot.<\/p><p>Sklo.<\/p>\t\t\t\t\t\t\t\t<\/div>\n\t\t\t\t<div class=\"elementor-element elementor-element-b81205c elementor-widget elementor-widget-heading\" data-id=\"b81205c\" data-element_type=\"widget\" data-e-type=\"widget\" data-widget_type=\"heading.default\">\n\t\t\t\t\t<h2 class=\"elementor-heading-title elementor-size-default\">2. \u017d\u00edhan\u00e9 sklo: Levn\u00e9, flexibiln\u00ed, riskantn\u00ed<\/h2>\t\t\t\t<\/div>\n\t\t\t\t<div class=\"elementor-element elementor-element-12e907d elementor-widget elementor-widget-text-editor\" data-id=\"12e907d\" data-element_type=\"widget\" data-e-type=\"widget\" data-widget_type=\"text-editor.default\">\n\t\t\t\t\t\t\t\t\t<p>Kr\u00e1tk\u00e1 v\u011bta. Je to v\u0161ude.<\/p><p>V\u011bt\u0161ina <a href=\"https:\/\/mostebglass.com\/cs\/sklenene-dozy-na-svicky\/\">dekorativn\u00ed dr\u017e\u00e1ky na \u010dajov\u00e9 sv\u00ed\u010dky<\/a> Sklo dostupn\u00e9 na sv\u011btov\u00e9m trhu pracuje s \u017e\u00edhan\u00fdm sklem, proto\u017ee se snadno oh\u00fdb\u00e1 do tenk\u00fdch tvar\u016f, umo\u017e\u0148uje ra\u017een\u00ed vzor\u016f nebo dokonce tvorbu velk\u00fdch dekorativn\u00edch d\u00e1vek bez nutnosti sekund\u00e1rn\u00edho zpracov\u00e1n\u00ed.<\/p><p>Zde je v\u0161ak kompromis, o kter\u00e9m nikdo v oblasti zad\u00e1v\u00e1n\u00ed ve\u0159ejn\u00fdch zak\u00e1zek nebude r\u00e1d mluvit.<\/p><p>V p\u0159\u00edpad\u011b rozbit\u00ed \u017e\u00edhan\u00e9ho skla se rozt\u0159\u00ed\u0161t\u00ed na velk\u00e9 ostr\u00e9 st\u0159epy.<\/p><p>To je z pr\u00e1vn\u00edho hlediska d\u016fle\u017eit\u00e9.<\/p><p>V p\u0159\u00edpadu odpov\u011bdnosti za vadn\u00fd v\u00fdrobek, kter\u00fd n\u00e1sledoval po p\u0159\u00edpadu v\u00fdbuchu n\u00e1doby na sv\u00ed\u010dku, o kter\u00e9m agentura Reuters informovala, pr\u00e1vn\u00edci specializuj\u00edc\u00ed se na odpov\u011bdnost za vadn\u00fd v\u00fdrobek opakovan\u011b uv\u00e1d\u011bli v\u00fdb\u011br materi\u00e1lu jako jeden z faktor\u016f, kter\u00e9 vedly k prasknut\u00ed n\u00e1doby a n\u00e1sledn\u011b ke zran\u011bn\u00edm.<\/p><p>a pr\u00e1vn\u00edci obdivuj\u00ed fyzickou jistotu.<\/p>\t\t\t\t\t\t\t\t<\/div>\n\t\t\t\t<div class=\"elementor-element elementor-element-cdc3613 elementor-widget elementor-widget-image\" data-id=\"cdc3613\" data-element_type=\"widget\" data-e-type=\"widget\" data-widget_type=\"image.default\">\n\t\t\t\t\t\t\t\t\t\t\t\t\t\t\t<img fetchpriority=\"high\" decoding=\"async\" width=\"1000\" height=\"750\" src=\"https:\/\/mostebglass.com\/wp-content\/uploads\/2026\/03\/annealed-vs-tempered-glass-03.webp\" class=\"attachment-full size-full wp-image-4693\" alt=\"\u017e\u00edhan\u00e9 vs. tvrzen\u00e9 sklo\" srcset=\"https:\/\/mostebglass.com\/wp-content\/uploads\/2026\/03\/annealed-vs-tempered-glass-03.webp 1000w, https:\/\/mostebglass.com\/wp-content\/uploads\/2026\/03\/annealed-vs-tempered-glass-03-768x576.webp 768w, https:\/\/mostebglass.com\/wp-content\/uploads\/2026\/03\/annealed-vs-tempered-glass-03-16x12.webp 16w, https:\/\/mostebglass.com\/wp-content\/uploads\/2026\/03\/annealed-vs-tempered-glass-03-600x450.webp 600w\" sizes=\"(max-width: 1000px) 100vw, 1000px\" \/>\t\t\t\t\t\t\t\t\t\t\t\t\t\t\t<\/div>\n\t\t\t\t<div class=\"elementor-element elementor-element-be8dc60 elementor-widget elementor-widget-heading\" data-id=\"be8dc60\" data-element_type=\"widget\" data-e-type=\"widget\" data-widget_type=\"heading.default\">\n\t\t\t\t\t<h2 class=\"elementor-heading-title elementor-size-default\">3. Tvrzen\u00e9 sklo: Vylep\u0161en\u00ed bezpe\u010dnosti<\/h2>\t\t\t\t<\/div>\n\t\t\t\t<div class=\"elementor-element elementor-element-12f3405 elementor-widget elementor-widget-text-editor\" data-id=\"12f3405\" data-element_type=\"widget\" data-e-type=\"widget\" data-widget_type=\"text-editor.default\">\n\t\t\t\t\t\t\t\t\t<p>Te\u010f druh\u00e1 strana.<\/p><p>Tvrzen\u00e9 sklo je jednodu\u0161e \u017e\u00edhan\u00e9 sklo, kter\u00e9 se znovu zah\u0159eje na p\u0159ibli\u017en\u011b 620\u2013650 \u00b0C a pot\u00e9 se otrysk\u00e1 vysokotlak\u00fdm vzduchem, aby se velmi rychle ochladilo.<\/p><p>V\u00fdsledek?<\/p><p>Povrchov\u00e1 komprese.<\/p><p>Vnit\u0159n\u00ed nap\u011bt\u00ed.<\/p><p>Co\u017e d\u00e1v\u00e1 bezpe\u010dnostn\u00ed vlastnosti tvrzen\u00e9mu sklu, tak zn\u00e1m\u00e9mu:<\/p><p>4\u20135kr\u00e1t siln\u011bj\u0161\u00ed mechanicky, mnohem v\u011bt\u0161\u00ed tepeln\u00fd \u0161ok, dal\u0161\u00ed lomy na drobn\u00e9 granul\u00e1rn\u00ed \u010d\u00e1stice m\u00edsto na lopatky.<\/p><p>Ale je tu h\u00e1\u010dek.<\/p><p>Pr\u00e1v\u011b temperov\u00e1n\u00edm je omezov\u00e1na svoboda designu.<\/p><p>Tenk\u00e9 reli\u00e9fn\u00ed vzory? Obt\u00ed\u017en\u00e9. Slo\u017eit\u00e9 dekorativn\u00ed tvary? Rizikov\u00e9. Ultratenk\u00e9 st\u011bny? \u010casto nemo\u017en\u00e9.<\/p><p>Tak\u017ee se znovu objevuje kompromis v odv\u011btv\u00ed.<\/p><p>Dekorace versus bezpe\u010dnost.<\/p>\t\t\t\t\t\t\t\t<\/div>\n\t\t\t\t<div class=\"elementor-element elementor-element-23cfd6f elementor-widget elementor-widget-heading\" data-id=\"23cfd6f\" data-element_type=\"widget\" data-e-type=\"widget\" data-widget_type=\"heading.default\">\n\t\t\t\t\t<h2 class=\"elementor-heading-title elementor-size-default\">4. K \u010demu se tvrzen\u00e9 sklo pou\u017e\u00edv\u00e1 ve sv\u00ed\u010dk\u00e1ch?<\/h2>\t\t\t\t<\/div>\n\t\t\t\t<div class=\"elementor-element elementor-element-9776cb0 elementor-widget elementor-widget-text-editor\" data-id=\"9776cb0\" data-element_type=\"widget\" data-e-type=\"widget\" data-widget_type=\"text-editor.default\">\n\t\t\t\t\t\t\t\t\t<p>\u0158ekn\u011bme si to up\u0159\u00edmn\u011b.<\/p><p>Pr\u00e9miov\u00e9 sv\u00ed\u010dky.<\/p><p>Velk\u00e9 n\u00e1doby. Sklenice s v\u00edce knoty. Venkovn\u00ed sv\u00ed\u010dkov\u00e9 lucerny.<\/p><p>Podle statistik trhu, kter\u00e9 zdokumentovala spole\u010dnost Statista, dos\u00e1hl mezin\u00e1rodn\u00ed trh se sv\u00ed\u010dkami v roce 2024 hodnoty p\u0159es 13 miliard dolar\u016f a nejv\u00edce rostouc\u00ed kategori\u00ed byl pr\u00e9miov\u00fd segment, kde se spot\u0159ebitel\u00e9 domn\u00edvaj\u00ed, \u017ee kupuj\u00ed bezpe\u010dn\u011bj\u0161\u00ed obaly.<\/p><p>Tvrzen\u00e9 sklo je u t\u011bchto zna\u010dek prakticky v\u017edy uvedeno.<\/p><p>Ne proto, \u017ee to vypad\u00e1 l\u00e9pe.<\/p><p>Proto\u017ee soudn\u00ed spory stoj\u00ed v\u00edc ne\u017e sklo.<\/p>\t\t\t\t\t\t\t\t<\/div>\n\t\t\t\t<div class=\"elementor-element elementor-element-1f1e1e4 elementor-widget elementor-widget-image\" data-id=\"1f1e1e4\" data-element_type=\"widget\" data-e-type=\"widget\" data-widget_type=\"image.default\">\n\t\t\t\t\t\t\t\t\t\t\t\t\t\t\t<img decoding=\"async\" width=\"1000\" height=\"750\" src=\"https:\/\/mostebglass.com\/wp-content\/uploads\/2026\/03\/annealed-vs-tempered-glass-01.webp\" class=\"attachment-full size-full wp-image-4695\" alt=\"\u017e\u00edhan\u00e9 vs. tvrzen\u00e9 sklo\" srcset=\"https:\/\/mostebglass.com\/wp-content\/uploads\/2026\/03\/annealed-vs-tempered-glass-01.webp 1000w, https:\/\/mostebglass.com\/wp-content\/uploads\/2026\/03\/annealed-vs-tempered-glass-01-768x576.webp 768w, https:\/\/mostebglass.com\/wp-content\/uploads\/2026\/03\/annealed-vs-tempered-glass-01-16x12.webp 16w, https:\/\/mostebglass.com\/wp-content\/uploads\/2026\/03\/annealed-vs-tempered-glass-01-600x450.webp 600w\" sizes=\"(max-width: 1000px) 100vw, 1000px\" \/>\t\t\t\t\t\t\t\t\t\t\t\t\t\t\t<\/div>\n\t\t\t\t<div class=\"elementor-element elementor-element-505b497 elementor-widget elementor-widget-heading\" data-id=\"505b497\" data-element_type=\"widget\" data-e-type=\"widget\" data-widget_type=\"heading.default\">\n\t\t\t\t\t<h2 class=\"elementor-heading-title elementor-size-default\">5. Tvrd\u00e1 data: Srovn\u00e1n\u00ed vedle sebe<\/h2>\t\t\t\t<\/div>\n\t\t\t\t<div class=\"elementor-element elementor-element-0542ce5 elementor-widget elementor-widget-text-editor\" data-id=\"0542ce5\" data-element_type=\"widget\" data-e-type=\"widget\" data-widget_type=\"text-editor.default\">\n\t\t\t\t\t\t\t\t\t<table style=\"border-collapse: collapse; width: 100%;\" border=\"0\" width=\"216\" cellspacing=\"0\" cellpadding=\"0\"><tbody><tr style=\"height: 13.50pt;\"><td style=\"height: 13.50pt; width: 54.00pt;\" width=\"72\" height=\"18\">Vlastnictv\u00ed<\/td><td style=\"width: 54.00pt;\" width=\"72\">\u017d\u00edhan\u00e9 sklo<\/td><td style=\"width: 54.00pt;\" width=\"72\">Tvrzen\u00e9 sklo<\/td><\/tr><tr style=\"height: 13.50pt;\"><td style=\"height: 13.50pt;\" height=\"18\">V\u00fdrobn\u00ed metoda<\/td><td>Pomal\u00e9 chlazen\u00ed \u017e\u00edhac\u00ed pec\u00ed<\/td><td>Znovu zah\u0159\u00e1t\u00fd a pot\u00e9 rychl\u00e9 ochlazen\u00ed vzduchem<\/td><\/tr><tr style=\"height: 13.50pt;\"><td style=\"height: 13.50pt;\" height=\"18\">Odolnost proti tepeln\u00fdm \u0161ok\u016fm<\/td><td>~40\u201360 \u00b0C<\/td><td>A\u017e do ~200 \u00b0C<\/td><\/tr><tr style=\"height: 13.50pt;\"><td style=\"height: 13.50pt;\" height=\"18\">Mechanick\u00e1 pevnost<\/td><td>Z\u00e1kladn\u00ed hodnota<\/td><td>~4\u20135\u00d7 siln\u011bj\u0161\u00ed<\/td><\/tr><tr style=\"height: 13.50pt;\"><td style=\"height: 13.50pt;\" height=\"18\">Vzor zlomen\u00ed<\/td><td>Velk\u00e9 ostr\u00e9 st\u0159epy<\/td><td>Mal\u00e9 granul\u00e1rn\u00ed fragmenty<\/td><\/tr><tr style=\"height: 13.50pt;\"><td style=\"height: 13.50pt;\" height=\"18\">N\u00e1klady<\/td><td>Spodn\u00ed<\/td><td>o 20\u201340 % vy\u0161\u0161\u00ed<\/td><\/tr><tr style=\"height: 13.50pt;\"><td style=\"height: 13.50pt;\" height=\"18\">Flexibilita designu<\/td><td>Vynikaj\u00edc\u00ed<\/td><td>Omezeno po temperov\u00e1n\u00ed<\/td><\/tr><tr style=\"height: 13.50pt;\"><td style=\"height: 13.50pt;\" height=\"18\">Typick\u00e9 pou\u017eit\u00ed<\/td><td>Dekorativn\u00ed dr\u017e\u00e1ky, levn\u00e9 \u010dajov\u00e9 sv\u00ed\u010dky<\/td><td>Pr\u00e9miov\u00e9 nebo bezpe\u010dnostn\u00ed d\u00f3zy na sv\u00ed\u010dky<\/td><\/tr><\/tbody><\/table><p data-start=\"4787\" data-end=\"4800\">Jedna v\u011bta \u2013 fyzika v\u00edt\u011bz\u00ed.<\/p>\t\t\t\t\t\t\t\t<\/div>\n\t\t\t\t<div class=\"elementor-element elementor-element-0f2a28d elementor-widget elementor-widget-heading\" data-id=\"0f2a28d\" data-element_type=\"widget\" data-e-type=\"widget\" data-widget_type=\"heading.default\">\n\t\t\t\t\t<h2 class=\"elementor-heading-title elementor-size-default\">6. Nejlep\u0161\u00ed sklenice na \u010dajov\u00e9 sv\u00ed\u010dky (up\u0159\u00edmn\u00e1 odpov\u011b\u010f)<\/h2>\t\t\t\t<\/div>\n\t\t\t\t<div class=\"elementor-element elementor-element-d662b2d elementor-widget elementor-widget-text-editor\" data-id=\"d662b2d\" data-element_type=\"widget\" data-e-type=\"widget\" data-widget_type=\"text-editor.default\">\n\t\t\t\t\t\t\t\t\t<p>Lid\u00e9 cht\u011bj\u00ed jednu odpov\u011b\u010f.<\/p><p>\u017d\u00e1dn\u00fd nen\u00ed.<\/p><p>\u017d\u00edhan\u00e9 sklo \u010dasto funguje dob\u0159e, pokud m\u00e1te sez\u00f3nn\u00ed maloobchodn\u00ed v\u00fdrobu levn\u00fdch dekorativn\u00edch \u010dajov\u00fdch sv\u00ed\u010dek, kde m\u00e1te tlou\u0161\u0165ku st\u011bny nejm\u00e9n\u011b 2,5-3 mm a je dodr\u017eena vzd\u00e1lenost plamene.<\/p><p>Ale pokud vyr\u00e1b\u00edte:<\/p><p>objemov\u00fd export luxusn\u00ed sv\u00ed\u010dky \u010dajov\u00e9 sv\u00ed\u010dky s velk\u00fdm pr\u016fm\u011brem sv\u00ed\u010dky pro pohostinstv\u00ed (restaurace, hotely)<\/p><p>Tvrzen\u00e9 sklo je bezpe\u010dn\u011bj\u0161\u00ed.<\/p><p>A v\u0161ichni regul\u00e1to\u0159i doch\u00e1zej\u00ed ke stejn\u00e9mu n\u00e1zoru.<\/p><p>Evropsk\u00e9 normy EN 15493 pro po\u017e\u00e1rn\u00ed bezpe\u010dnost n\u00e1dob na sv\u00ed\u010dky jednotliv\u011b nazna\u010duj\u00ed, \u017ee materi\u00e1l n\u00e1doby by m\u011bl b\u00fdt schopen odolat opakovan\u00fdm tepeln\u00fdm cykl\u016fm bez prasknut\u00ed \u2013 mnoho tenk\u00fdch \u017e\u00edhan\u00fdch n\u00e1dob to nedok\u00e1\u017ee.<\/p>\t\t\t\t\t\t\t\t<\/div>\n\t\t\t\t<div class=\"elementor-element elementor-element-3459412 elementor-widget elementor-widget-heading\" data-id=\"3459412\" data-element_type=\"widget\" data-e-type=\"widget\" data-widget_type=\"heading.default\">\n\t\t\t\t\t<h2 class=\"elementor-heading-title elementor-size-default\">7. Jak vybrat typy skla pro v\u00fdrobu \u010dajov\u00fdch sv\u00ed\u010dek<\/h2>\t\t\t\t<\/div>\n\t\t\t\t<div class=\"elementor-element elementor-element-a2541d5 elementor-widget elementor-widget-text-editor\" data-id=\"a2541d5\" data-element_type=\"widget\" data-e-type=\"widget\" data-widget_type=\"text-editor.default\">\n\t\t\t\t\t\t\t\t\t<p>Polo\u017ete si t\u0159i ot\u00e1zky:<\/p><ul><li>Jak\u00e1 bude teplota n\u00e1doby? V\u00edceknot spaluje mnohem v\u00edce tepla ne\u017e \u010dajov\u00e9 sv\u00ed\u010dky.<\/li><li>Jak tenk\u00e9 je sklo? P\u0159i tlou\u0161\u0165ce men\u0161\u00ed ne\u017e 2,5 mm je \u017e\u00edhan\u00e9 sklo vystaveno vysok\u00fdm rizik\u016fm.<\/li><li>Kde se bude sv\u00ed\u010dka prod\u00e1vat? Ru\u010den\u00ed za \u0161kodu zp\u016fsobenou vadn\u00fdm v\u00fdrobkem v USA a EU je ve srovn\u00e1n\u00ed s rozv\u00edjej\u00edc\u00edmi se trhy extr\u00e9mn\u011b ne\u00faprosn\u00e9.<\/li><\/ul><p>Ty ot\u00e1zky m\u016f\u017eete ignorovat a nevyr\u00e1b\u00edte sv\u00ed\u010dky. S\u00e1z\u00edte.<\/p>\t\t\t\t\t\t\t\t<\/div>\n\t\t\t\t<div class=\"elementor-element elementor-element-45ec1df elementor-widget elementor-widget-image\" data-id=\"45ec1df\" data-element_type=\"widget\" data-e-type=\"widget\" data-widget_type=\"image.default\">\n\t\t\t\t\t\t\t\t\t\t\t\t\t\t\t<img decoding=\"async\" width=\"1000\" height=\"750\" src=\"https:\/\/mostebglass.com\/wp-content\/uploads\/2026\/03\/annealed-vs-tempered-glass-02.webp\" class=\"attachment-full size-full wp-image-4696\" alt=\"\u017e\u00edhan\u00e9 vs. tvrzen\u00e9 sklo\" srcset=\"https:\/\/mostebglass.com\/wp-content\/uploads\/2026\/03\/annealed-vs-tempered-glass-02.webp 1000w, https:\/\/mostebglass.com\/wp-content\/uploads\/2026\/03\/annealed-vs-tempered-glass-02-768x576.webp 768w, https:\/\/mostebglass.com\/wp-content\/uploads\/2026\/03\/annealed-vs-tempered-glass-02-16x12.webp 16w, https:\/\/mostebglass.com\/wp-content\/uploads\/2026\/03\/annealed-vs-tempered-glass-02-600x450.webp 600w\" sizes=\"(max-width: 1000px) 100vw, 1000px\" \/>\t\t\t\t\t\t\t\t\t\t\t\t\t\t\t<\/div>\n\t\t\t\t<div class=\"elementor-element elementor-element-6b1f69d elementor-widget elementor-widget-heading\" data-id=\"6b1f69d\" data-element_type=\"widget\" data-e-type=\"widget\" data-widget_type=\"heading.default\">\n\t\t\t\t\t<h2 class=\"elementor-heading-title elementor-size-default\">8. Synonyma pro tvrzen\u00e9 sklo v bytov\u00e9m dekoru<\/h2>\t\t\t\t<\/div>\n\t\t\t\t<div class=\"elementor-element elementor-element-6ed5f18 elementor-widget elementor-widget-text-editor\" data-id=\"6ed5f18\" data-element_type=\"widget\" data-e-type=\"widget\" data-widget_type=\"text-editor.default\">\n\t\t\t\t\t\t\t\t\t<p>M\u00edsto toho p\u00ed\u0161\u00ed:<\/p><p>tvrzen\u00e9 sklo, bezpe\u010dnostn\u00ed sklo, tepeln\u011b odoln\u00e9 sklo, tepeln\u011b zpevn\u011bn\u00e1 skla.<\/p><p>Stejn\u00fd materi\u00e1l \u2013 jin\u00fd marketing.<\/p>\t\t\t\t\t\t\t\t<\/div>\n\t\t\t\t<div class=\"elementor-element elementor-element-175aeb9 elementor-widget elementor-widget-heading\" data-id=\"175aeb9\" data-element_type=\"widget\" data-e-type=\"widget\" data-widget_type=\"heading.default\">\n\t\t\t\t\t<h2 class=\"elementor-heading-title elementor-size-default\">\u010casto kladen\u00e9 ot\u00e1zky<\/h2>\t\t\t\t<\/div>\n\t\t\t\t<div class=\"elementor-element elementor-element-92c7c06 elementor-widget elementor-widget-heading\" data-id=\"92c7c06\" data-element_type=\"widget\" data-e-type=\"widget\" data-widget_type=\"heading.default\">\n\t\t\t\t\t<h3 class=\"elementor-heading-title elementor-size-default\">1. Jak\u00fd je rozd\u00edl mezi \u017e\u00edhan\u00fdm a tvrzen\u00fdm sklem?<\/h3>\t\t\t\t<\/div>\n\t\t\t\t<div class=\"elementor-element elementor-element-84a5988 elementor-widget elementor-widget-text-editor\" data-id=\"84a5988\" data-element_type=\"widget\" data-e-type=\"widget\" data-widget_type=\"text-editor.default\">\n\t\t\t\t\t\t\t\t\t<p>\u017d\u00edhan\u00e9 vs. kalen\u00e9 sklo je srovn\u00e1n\u00ed dvou proces\u016f zpracov\u00e1n\u00ed skla, p\u0159i kter\u00fdch se \u017e\u00edhan\u00e9 sklo po tvarov\u00e1n\u00ed nech\u00e1 postupn\u011b vychladnout a kalen\u00e9 sklo se znovu zah\u0159eje na p\u0159ibli\u017en\u011b 620 \u00b0C a pot\u00e9 se kal\u00ed na vzduchu, \u010d\u00edm\u017e se vytvo\u0159\u00ed stla\u010den\u00e9 vn\u011bj\u0161\u00ed povrchy, kter\u00e9 v\u00fdrazn\u011b zvy\u0161uj\u00ed pevnost, tepelnou odolnost a bezpe\u010dn\u011bj\u0161\u00ed chov\u00e1n\u00ed p\u0159i rozbit\u00ed.<\/p>\t\t\t\t\t\t\t\t<\/div>\n\t\t\t\t<div class=\"elementor-element elementor-element-95c4f70 elementor-widget elementor-widget-heading\" data-id=\"95c4f70\" data-element_type=\"widget\" data-e-type=\"widget\" data-widget_type=\"heading.default\">\n\t\t\t\t\t<h3 class=\"elementor-heading-title elementor-size-default\">2. Jak\u00e9 je nejlep\u0161\u00ed sklo na sv\u00ed\u010dky na \u010dajov\u00e9 sv\u00ed\u010dky?<\/h3>\t\t\t\t<\/div>\n\t\t\t\t<div class=\"elementor-element elementor-element-74d5744 elementor-widget elementor-widget-text-editor\" data-id=\"74d5744\" data-element_type=\"widget\" data-e-type=\"widget\" data-widget_type=\"text-editor.default\">\n\t\t\t\t\t\t\t\t\t<p>Sklo pou\u017e\u00edvan\u00e9 v \u010dajov\u00fdch sv\u00ed\u010dk\u00e1ch se m\u016f\u017ee li\u0161it v z\u00e1vislosti na bezpe\u010dnostn\u00edm faktoru a designu, ale obvykle lze pou\u017e\u00edt tvrzen\u00e9 sklo, proto\u017ee odol\u00e1 v\u011bt\u0161\u00edm tepeln\u00fdm \u0161ok\u016fm, teplotn\u00edm cykl\u016fm sv\u00ed\u010dky (nad 150 \u00b0C) v\u00edce ne\u017e b\u011b\u017en\u00e9 sklo a p\u0159i poru\u0161en\u00ed se rozpadne na men\u0161\u00ed granule, nikoli na ostr\u00e9 p\u0159edm\u011bty.<\/p>\t\t\t\t\t\t\t\t<\/div>\n\t\t\t\t<div class=\"elementor-element elementor-element-a2de836 elementor-widget elementor-widget-heading\" data-id=\"a2de836\" data-element_type=\"widget\" data-e-type=\"widget\" data-widget_type=\"heading.default\">\n\t\t\t\t\t<h3 class=\"elementor-heading-title elementor-size-default\">3. Jsou sv\u00edcny z tvrzen\u00e9ho skla \u017e\u00e1ruvzdorn\u00e9?<\/h3>\t\t\t\t<\/div>\n\t\t\t\t<div class=\"elementor-element elementor-element-d551ddd elementor-widget elementor-widget-text-editor\" data-id=\"d551ddd\" data-element_type=\"widget\" data-e-type=\"widget\" data-widget_type=\"text-editor.default\">\n\t\t\t\t\t\t\t\t\t<p>D\u016fvodem je, \u017ee vn\u011bj\u0161\u00ed povrch sklen\u011bn\u00e9ho materi\u00e1lu se st\u00e1v\u00e1 tepeln\u011b odoln\u00fdm v d\u016fsledku procesu tepeln\u00e9ho tvrzen\u00ed, kdy je materi\u00e1l stla\u010den a n\u00e1doba snese teplotn\u00ed rozd\u00edl a\u017e do p\u0159ibli\u017en\u011b 200 \u00b0C bez prasknut\u00ed, co\u017e je mnohem l\u00e9pe ne\u017e v p\u0159\u00edpad\u011b sklen\u011bn\u00fdch n\u00e1dob na sv\u00ed\u010dky, kter\u00e9 selh\u00e1vaj\u00ed v d\u016fsledku teplotn\u00edch v\u00fdkyv\u016f.<\/p>\t\t\t\t\t\t\t\t<\/div>\n\t\t\t\t<div class=\"elementor-element elementor-element-526c454 elementor-widget elementor-widget-heading\" data-id=\"526c454\" data-element_type=\"widget\" data-e-type=\"widget\" data-widget_type=\"heading.default\">\n\t\t\t\t\t<h3 class=\"elementor-heading-title elementor-size-default\">4. Je \u017e\u00edhan\u00e9 sklo nebezpe\u010dn\u00e9 pro sv\u00ed\u010dky?<\/h3>\t\t\t\t<\/div>\n\t\t\t\t<div class=\"elementor-element elementor-element-5e7b1ba elementor-widget elementor-widget-text-editor\" data-id=\"5e7b1ba\" data-element_type=\"widget\" data-e-type=\"widget\" data-widget_type=\"text-editor.default\">\n\t\t\t\t\t\t\t\t\t<p>\u017d\u00edhan\u00e9 sklo nemus\u00ed b\u00fdt nutn\u011b nebezpe\u010dn\u00e9 pro sv\u00ed\u010dky, ale bylo by nebezpe\u010dn\u00e9 v tenk\u00fdch dr\u017e\u00e1c\u00edch, dr\u017e\u00e1c\u00edch s v\u00edce knoty nebo dr\u017e\u00e1c\u00edch s nedostate\u010dn\u00fdm v\u011btr\u00e1n\u00edm kv\u016fli jeho mnohem omezen\u011bj\u0161\u00ed schopnosti odol\u00e1vat tepeln\u00fdm \u0161ok\u016fm ne\u017e tvrzen\u00e9 sklo a praskliny nebo rozbit\u00ed by byly pravd\u011bpodobn\u011bj\u0161\u00ed p\u0159i \u010dast\u00fdch cyklech oh\u0159evu.<\/p>\t\t\t\t\t\t\t\t<\/div>\n\t\t\t\t\t<\/div>\n\t\t\t\t<\/div>\n\t\t\t\t<\/div>","protected":false},"excerpt":{"rendered":"<p>\u017d\u00edhan\u00e9 vs. tvrzen\u00e9 sklo pro sv\u00ed\u010dky na \u010dajov\u00e9 sv\u00ed\u010dky \u2013 porovnejte bezpe\u010dnost, tepelnou odolnost a cenu a vyberte si nejlep\u0161\u00ed sklo pro v\u00fdrobu \u010dajov\u00fdch sv\u00ed\u010dek.<\/p>","protected":false},"author":3,"featured_media":4693,"comment_status":"closed","ping_status":"open","sticky":false,"template":"","format":"standard","meta":{"site-sidebar-layout":"default","site-content-layout":"","ast-site-content-layout":"default","site-content-style":"default","site-sidebar-style":"default","ast-global-header-display":"","ast-banner-title-visibility":"","ast-main-header-display":"","ast-hfb-above-header-display":"","ast-hfb-below-header-display":"","ast-hfb-mobile-header-display":"","site-post-title":"","ast-breadcrumbs-content":"","ast-featured-img":"","footer-sml-layout":"","theme-transparent-header-meta":"","adv-header-id-meta":"","stick-header-meta":"","header-above-stick-meta":"","header-main-stick-meta":"","header-below-stick-meta":"","astra-migrate-meta-layouts":"default","ast-page-background-enabled":"default","ast-page-background-meta":{"desktop":{"background-color":"var(--ast-global-color-5)","background-image":"","background-repeat":"repeat","background-position":"center center","background-size":"auto","background-attachment":"scroll","background-type":"","background-media":"","overlay-type":"","overlay-color":"","overlay-opacity":"","overlay-gradient":""},"tablet":{"background-color":"","background-image":"","background-repeat":"repeat","background-position":"center center","background-size":"auto","background-attachment":"scroll","background-type":"","background-media":"","overlay-type":"","overlay-color":"","overlay-opacity":"","overlay-gradient":""},"mobile":{"background-color":"","background-image":"","background-repeat":"repeat","background-position":"center center","background-size":"auto","background-attachment":"scroll","background-type":"","background-media":"","overlay-type":"","overlay-color":"","overlay-opacity":"","overlay-gradient":""}},"ast-content-background-meta":{"desktop":{"background-color":"var(--ast-global-color-4)","background-image":"","background-repeat":"repeat","background-position":"center center","background-size":"auto","background-attachment":"scroll","background-type":"","background-media":"","overlay-type":"","overlay-color":"","overlay-opacity":"","overlay-gradient":""},"tablet":{"background-color":"var(--ast-global-color-4)","background-image":"","background-repeat":"repeat","background-position":"center center","background-size":"auto","background-attachment":"scroll","background-type":"","background-media":"","overlay-type":"","overlay-color":"","overlay-opacity":"","overlay-gradient":""},"mobile":{"background-color":"var(--ast-global-color-4)","background-image":"","background-repeat":"repeat","background-position":"center center","background-size":"auto","background-attachment":"scroll","background-type":"","background-media":"","overlay-type":"","overlay-color":"","overlay-opacity":"","overlay-gradient":""}},"_jetpack_memberships_contains_paid_content":false,"footnotes":""},"categories":[1,58],"tags":[],"class_list":["post-4687","post","type-post","status-publish","format-standard","has-post-thumbnail","hentry","category-blog","category-blogs"],"jetpack_featured_media_url":"https:\/\/mostebglass.com\/wp-content\/uploads\/2026\/03\/annealed-vs-tempered-glass-03.webp","jetpack_sharing_enabled":true,"_links":{"self":[{"href":"https:\/\/mostebglass.com\/cs\/wp-json\/wp\/v2\/posts\/4687","targetHints":{"allow":["GET"]}}],"collection":[{"href":"https:\/\/mostebglass.com\/cs\/wp-json\/wp\/v2\/posts"}],"about":[{"href":"https:\/\/mostebglass.com\/cs\/wp-json\/wp\/v2\/types\/post"}],"author":[{"embeddable":true,"href":"https:\/\/mostebglass.com\/cs\/wp-json\/wp\/v2\/users\/3"}],"replies":[{"embeddable":true,"href":"https:\/\/mostebglass.com\/cs\/wp-json\/wp\/v2\/comments?post=4687"}],"version-history":[{"count":5,"href":"https:\/\/mostebglass.com\/cs\/wp-json\/wp\/v2\/posts\/4687\/revisions"}],"predecessor-version":[{"id":4699,"href":"https:\/\/mostebglass.com\/cs\/wp-json\/wp\/v2\/posts\/4687\/revisions\/4699"}],"wp:featuredmedia":[{"embeddable":true,"href":"https:\/\/mostebglass.com\/cs\/wp-json\/wp\/v2\/media\/4693"}],"wp:attachment":[{"href":"https:\/\/mostebglass.com\/cs\/wp-json\/wp\/v2\/media?parent=4687"}],"wp:term":[{"taxonomy":"category","embeddable":true,"href":"https:\/\/mostebglass.com\/cs\/wp-json\/wp\/v2\/categories?post=4687"},{"taxonomy":"post_tag","embeddable":true,"href":"https:\/\/mostebglass.com\/cs\/wp-json\/wp\/v2\/tags?post=4687"}],"curies":[{"name":"wp","href":"https:\/\/api.w.org\/{rel}","templated":true}]}}