{"id":429,"date":"2025-08-14T15:58:49","date_gmt":"2025-08-14T07:58:49","guid":{"rendered":"https:\/\/mostebglass.com\/?p=429"},"modified":"2026-08-27T13:22:25","modified_gmt":"2026-08-27T05:22:25","slug":"report-the-role-of-customization-in-candle-jar-manufacturers-for-brand-differentiation","status":"publish","type":"post","link":"https:\/\/mostebglass.com\/hu\/report-the-role-of-customization-in-candle-jar-manufacturers-for-brand-differentiation\/","title":{"rendered":"A testreszab\u00e1s szerepe a gyertyatart\u00f3-gy\u00e1rt\u00f3kn\u00e1l a m\u00e1rka megk\u00fcl\u00f6nb\u00f6ztet\u00e9s\u00e9ben"},"content":{"rendered":"<div data-elementor-type=\"wp-post\" data-elementor-id=\"429\" class=\"elementor elementor-429\" data-elementor-settings=\"{&quot;ha_cmc_init_switcher&quot;:&quot;no&quot;}\" data-elementor-post-type=\"post\">\n\t\t\t\t<div class=\"elementor-element elementor-element-2a2b278 e-flex e-con-boxed e-con e-parent\" data-id=\"2a2b278\" data-element_type=\"container\" data-e-type=\"container\" data-settings=\"{&quot;_ha_eqh_enable&quot;:false}\">\n\t\t\t\t\t<div class=\"e-con-inner\">\n\t\t\t\t<div class=\"elementor-element elementor-element-ad313a1 elementor-widget elementor-widget-heading\" data-id=\"ad313a1\" data-element_type=\"widget\" data-e-type=\"widget\" data-widget_type=\"heading.default\">\n\t\t\t\t\t<h2 class=\"elementor-heading-title elementor-size-default\">1. Bevezet\u00e9s: A testreszab\u00e1s strat\u00e9giai sz\u00fcks\u00e9gszer\u0171s\u00e9ge a gyertya\u00fcvegek gy\u00e1rt\u00e1s\u00e1ban<\/h2>\t\t\t\t<\/div>\n\t\t\t\t<div class=\"elementor-element elementor-element-4ed6930 elementor-widget elementor-widget-text-editor\" data-id=\"4ed6930\" data-element_type=\"widget\" data-e-type=\"widget\" data-widget_type=\"text-editor.default\">\n\t\t\t\t\t\t\t\t\t<p>A m\u00e1rkadifferenci\u00e1l\u00e1s kritikus fontoss\u00e1g\u00fa a mai agressz\u00edv piacon val\u00f3 sikerhez. A gyertyatart\u00f3-gy\u00e1rt\u00f3k sz\u00e1m\u00e1ra a csomagol\u00e1s \u2013 konkr\u00e9tan az \u00fcveg \u2013 az els\u0151dleges fogyaszt\u00f3i kapcsol\u00f3d\u00e1si pont, \u00e9s kulcsfontoss\u00e1g\u00fa a log\u00f3 azonos\u00edt\u00e1s\u00e1ban, befoly\u00e1solva az \u00e9rz\u00e9kelt \u00e1rat \u00e9s az \u00e9lvezetet. Ez a jelent\u00e9s azt vizsg\u00e1lja, hogy a gyertyatart\u00f3-gy\u00e1rt\u00e1s testreszab\u00e1sa \u2013 egyedi tervek, anyagok \u00e9s kidolgoz\u00e1sok r\u00e9v\u00e9n \u2013 hogyan teszi lehet\u0151v\u00e9 a gyertyatart\u00f3-gy\u00e1rt\u00f3k sz\u00e1m\u00e1ra, hogy kiv\u00e1l\u00f3 piaci poz\u00edci\u00f3kat szerezzenek meg \u00e9s m\u00e9lyebb \u00fcgyf\u00e9lkapcsolatokat alak\u00edtsanak ki. Kiemeli azt a strat\u00e9giai fontoss\u00e1got is, hogy a gyertyatart\u00f3-gy\u00e1rt\u00f3k er\u0151s\u00edts\u00e9k a testreszab\u00e1si k\u00e9szs\u00e9geiket, lehet\u0151v\u00e9 t\u00e9ve az olyan gy\u00e1rt\u00f3k sz\u00e1m\u00e1ra, mint a Mosteb, hogy kit\u0171njenek a versenyt\u00e1rsak k\u00f6z\u00fcl. A jelent\u00e9s kiterjed a testreszab\u00e1si dimenzi\u00f3kra, a gy\u00e1rt\u00e1si technol\u00f3gi\u00e1kra, a strat\u00e9giai csomagokra, a hat\u00e1s sz\u00e1mszer\u0171s\u00edt\u00e9s\u00e9re, a f\u00f6ldrajzi \u00e1rnyalatokra, a kih\u00edv\u00e1sokra \u00e9s a j\u00f6v\u0151beli kil\u00e1t\u00e1sokra.<\/p>\t\t\t\t\t\t\t\t<\/div>\n\t\t\t\t<div class=\"elementor-element elementor-element-f909a41 elementor-widget elementor-widget-heading\" data-id=\"f909a41\" data-element_type=\"widget\" data-e-type=\"widget\" data-widget_type=\"heading.default\">\n\t\t\t\t\t<h2 class=\"elementor-heading-title elementor-size-default\">2. A gyertyatart\u00f3 testreszab\u00e1s\u00e1nak m\u00e9retei<\/h2>\t\t\t\t<\/div>\n\t\t\t\t<div class=\"elementor-element elementor-element-1ad1611 elementor-widget elementor-widget-text-editor\" data-id=\"1ad1611\" data-element_type=\"widget\" data-e-type=\"widget\" data-widget_type=\"text-editor.default\">\n\t\t\t\t\t\t\t\t\t<p>A gyertyatart\u00f3 testreszab\u00e1sa t\u00falmutat az eszt\u00e9tik\u00e1n, mag\u00e1ban foglalja az elrendez\u00e9st \u00e9s a ruhav\u00e1laszt\u00e1st, amelyek kifejezik a m\u00e1rka egyedi identit\u00e1s\u00e1t. Ezek a dimenzi\u00f3k innovat\u00edv lehet\u0151s\u00e9geket k\u00edn\u00e1lnak az etosz k\u00f6zvet\u00edt\u00e9s\u00e9re, a demogr\u00e1fiai c\u00e9lok el\u00e9r\u00e9s\u00e9re \u00e9s az \u00e9rz\u00e9kelt term\u00e9kk\u00f6lts\u00e9g n\u00f6vel\u00e9s\u00e9re.<\/p>\t\t\t\t\t\t\t\t<\/div>\n\t\t\t\t<div class=\"elementor-element elementor-element-41ba5a6 elementor-widget elementor-widget-heading\" data-id=\"41ba5a6\" data-element_type=\"widget\" data-e-type=\"widget\" data-widget_type=\"heading.default\">\n\t\t\t\t\t<h3 class=\"elementor-heading-title elementor-size-default\">2.1. Anyagv\u00e1laszt\u00e1s<\/h3>\t\t\t\t<\/div>\n\t\t\t\t<div class=\"elementor-element elementor-element-d838142 elementor-widget elementor-widget-text-editor\" data-id=\"d838142\" data-element_type=\"widget\" data-e-type=\"widget\" data-widget_type=\"text-editor.default\">\n\t\t\t\t\t\t\t\t\t<p>Az anyagpreferencia m\u00e9lyen befoly\u00e1solja az \u00e9rz\u00e9kszervi hat\u00e1st, a tart\u00f3ss\u00e1got \u00e9s a m\u00e1rkak\u00e9pet.<\/p><ul><li><strong>\u00dcveg:<\/strong> A n\u00e9pszer\u0171 \u00e9s sokoldal\u00fa \u00fcvegek kiemelik a gyertya f\u00e9ny\u00e9t \u00e9s sz\u00edn\u00e9t, k\u00f6nnyed\u00e9n m\u00e1rkajelz\u00e9ssel ell\u00e1tva. A v\u00e1laszthat\u00f3 \u00fcvegek k\u00f6z\u00f6tt szerepel a sz\u00f3da-m\u00e9sz, a boroszilik\u00e1t (magas h\u0151m\u00e9rs\u00e9klethez) \u00e9s az \u00fajrahasznos\u00edtott \u00fcveg a k\u00f6rnyezetbar\u00e1t kivitel \u00e9rdek\u00e9ben.<\/li><li><strong>Ker\u00e1miai:<\/strong> A term\u00e9szetes agyagkors\u00f3k els\u0151 oszt\u00e1ly\u00fa, k\u00e9zm\u0171ves, k\u00e9zm\u0171ves jelleget k\u00f6lcs\u00f6n\u00f6znek. Tart\u00f3sak, tartj\u00e1k a h\u0151t az \u00e1lland\u00f3 \u00e9g\u00e9s \u00e9rdek\u00e9ben, \u00e9s \u00fajrafelhaszn\u00e1lhat\u00f3k, \u00f6sszhangban a fenntarthat\u00f3s\u00e1ggal.<\/li><li><strong>F\u00e9m:<\/strong> A k\u00f6nny\u0171, tart\u00f3s \u00e9s viszonylag \u00fajrahasznos\u00edthat\u00f3 f\u00e9mdobozok (alum\u00ednium, \u00f3nlemez) modern, minimalista vagy kereskedelmi eszt\u00e9tik\u00e1t biztos\u00edtanak, kiv\u00e9telesen alkalmasak t\u00faragyerty\u00e1khoz vagy a h\u0151vezet\u0151 k\u00e9pess\u00e9g miatti magas olvad\u00e1si t\u00e9nyez\u0151kh\u00f6z.<\/li><li><strong>Bambusz:<\/strong> A gyorsan n\u00f6v\u0151, biol\u00f3giailag leboml\u00f3 bambusz vid\u00e9kies, term\u00e9szetes hat\u00e1st k\u00f6lcs\u00f6n\u00f6z, j\u00f3l illik a z\u00f6ld viaszokhoz.<\/li><\/ul>\t\t\t\t\t\t\t\t<\/div>\n\t\t\t\t<div class=\"elementor-element elementor-element-ac45222 elementor-widget elementor-widget-heading\" data-id=\"ac45222\" data-element_type=\"widget\" data-e-type=\"widget\" data-widget_type=\"heading.default\">\n\t\t\t\t\t<h3 class=\"elementor-heading-title elementor-size-default\">2.2. Egyedi form\u00e1k \u00e9s \u00f6nt\u0151form\u00e1k<\/h3>\t\t\t\t<\/div>\n\t\t\t\t<div class=\"elementor-element elementor-element-3dc6b79 elementor-widget elementor-widget-text-editor\" data-id=\"3dc6b79\" data-element_type=\"widget\" data-e-type=\"widget\" data-widget_type=\"text-editor.default\">\n\t\t\t\t\t\t\t\t\t<p>Az egyedi form\u00e1k \u00e9s \u00f6nt\u0151form\u00e1k kulcsfontoss\u00e1g\u00faak bizonyos gyertyatart\u00f3k eset\u00e9ben.<\/p><ul><li><strong>Fejlett formak\u00e9sz\u00edt\u00e9si technik\u00e1k:<\/strong> Az \u00f6sszetett \u00fcveged\u00e9ny-form\u00e1khoz a legmodernebb formak\u00e9sz\u00edt\u00e9sre van sz\u00fcks\u00e9g, amely mag\u00e1ban foglalja a h\u00e1romdimenzi\u00f3s modellez\u00e9st, a CNC megmunk\u00e1l\u00e1st \u00e9s a befejez\u00e9st.<\/li><li><strong>Formaanyag min\u0151s\u00e9ge:<\/strong> K\u00f6zvetlen\u00fcl befoly\u00e1solja az \u00fcveg kerekdeds\u00e9g\u00e9t, simas\u00e1g\u00e1t \u00e9s integrit\u00e1s\u00e1t, a gyeng\u00e9bb min\u0151s\u00e9g\u0171 anyagok hib\u00e1kat okozhatnak. Az \u00f6tv\u00f6z\u0151 t\u00e9nyez\u0151k (eG, r\u00e9z, kr\u00f3m) jav\u00edtj\u00e1k a kov\u00e1csoltvas form\u00e1zhat\u00f3s\u00e1g\u00e1t \u00e9s \u00e9lettartam\u00e1t.<\/li><li><strong>A simas\u00e1got befoly\u00e1sol\u00f3 t\u00e9nyez\u0151k:<\/strong> A pontatlan \u00fcveglap-elhelyez\u00e9s, a ny\u00edr\u00e1si nyomok, a rossz min\u0151s\u00e9g\u0171 formaanyagok\/olaj \u00e9s a hib\u00e1s el\u0151zetes tervez\u00e9s okozta a s\u00e9r\u00fcl\u00e9st.<\/li><\/ul>\t\t\t\t\t\t\t\t<\/div>\n\t\t\t\t<div class=\"elementor-element elementor-element-352d931 elementor-widget elementor-widget-heading\" data-id=\"352d931\" data-element_type=\"widget\" data-e-type=\"widget\" data-widget_type=\"heading.default\">\n\t\t\t\t\t<h3 class=\"elementor-heading-title elementor-size-default\">2.3. Fel\u00fcletkezel\u00e9sek<\/h3>\t\t\t\t<\/div>\n\t\t\t\t<div class=\"elementor-element elementor-element-2eb59d9 elementor-widget elementor-widget-text-editor\" data-id=\"2eb59d9\" data-element_type=\"widget\" data-e-type=\"widget\" data-widget_type=\"text-editor.default\">\n\t\t\t\t\t\t\t\t\t<p>A fel\u00fcletkezel\u00e9sek tapinthat\u00f3 \u00e9s vizu\u00e1lis var\u00e1zslatot keltenek, befoly\u00e1solva a luxus \u00e9s a legjobb \u00e9rz\u00e9st.<\/p><ul><li><strong>Glaz\u00far:<\/strong> Tomp\u00edtott \u00e1ttetsz\u0151s\u00e9g, enyhe, diff\u00faz f\u00e9ny az eleg\u00e1ns megjelen\u00e9s\u00e9rt.<\/li><li><strong>R\u00e9zkarc:<\/strong> Probl\u00e9m\u00e1s st\u00edlusokat, diz\u00e1jnokat \u00e9s embl\u00e9m\u00e1kat bev\u00e9s az eleg\u00e1ns, tart\u00f3s m\u00e1rka\u00e9p\u00edt\u00e9s \u00e9rdek\u00e9ben.<br \/>F\u00e9mez\u00e9s: V\u00e9kony f\u00e9mbevonat a kiv\u00e1l\u00f3 min\u0151s\u00e9g\u0171, f\u00e9nyvisszaver\u0151 vagy matt fel\u00fcletekhez.<\/li><li><strong>Sz\u00ednes bevonatok:<\/strong> Sz\u00e9les sz\u00ednv\u00e1laszt\u00e9k, a pasztellsz\u00ednekt\u0151l az \u00e9kszert\u00f3nusokig, hangulatot teremtve. A v\u00edzb\u00e1zis\u00fa lakk f\u00e9nyess\u00e9get \u00e9s biztons\u00e1got ny\u00fajt.<\/li><li><strong>Tapinthat\u00f3 elemek:<\/strong> A puha tapint\u00e1s\u00fa matt fel\u00fcletek vagy a v\u00e1szon text\u00far\u00e1k fokozz\u00e1k az \u00e9rz\u00e9kszervi \u00e9lm\u00e9nyt, \u00e9s magas \u00e9rt\u00e9k\u0171 megjelen\u00e9st k\u00f6lcs\u00f6n\u00f6znek. A simas\u00e1g a kiv\u00e1l\u00f3 min\u0151s\u00e9get sugallja.<\/li><li><strong>Vizu\u00e1lis tervez\u00e9s:<\/strong> A sz\u00ednek \u00e9s a grafika hozz\u00e1j\u00e1rulnak az \u00e9rz\u00e9kel\u00e9shez; pl. f\u00f6ldsz\u00ednek a term\u00e9szetes gyerty\u00e1khoz, \u00e9l\u00e9nk \u00e1rnyalatok az energikus illatokhoz. A feh\u00e9r t\u00e9r fokozza a luxus\u00e9rzetet.<\/li><\/ul>\t\t\t\t\t\t\t\t<\/div>\n\t\t\t\t<div class=\"elementor-element elementor-element-c3fa08c elementor-widget elementor-widget-heading\" data-id=\"c3fa08c\" data-element_type=\"widget\" data-e-type=\"widget\" data-widget_type=\"heading.default\">\n\t\t\t\t\t<h3 class=\"elementor-heading-title elementor-size-default\">2.4. Integr\u00e1lt c\u00edmk\u00e9z\u00e9si technik\u00e1k<\/h3>\t\t\t\t<\/div>\n\t\t\t\t<div class=\"elementor-element elementor-element-31b742c elementor-widget elementor-widget-text-editor\" data-id=\"31b742c\" data-element_type=\"widget\" data-e-type=\"widget\" data-widget_type=\"text-editor.default\">\n\t\t\t\t\t\t\t\t\t<p>A c\u00edmk\u00e9z\u00e9s szerves r\u00e9sze a m\u00e1rka\u00e9p\u00edt\u00e9snek, \u00e9s z\u00f6kken\u0151mentesen integr\u00e1lhat\u00f3 az \u00fcveg diz\u00e1jnj\u00e1ba.<\/p><ul><li><strong>K\u00f6zvetlen nyomtat\u00e1s:<\/strong> A digit\u00e1lis nyomtat\u00e1s sor\u00e1n speci\u00e1lis ker\u00e1mia tint\u00e1t visznek fel k\u00f6zvetlen\u00fcl az \u00fcvegre. Ez tart\u00f3s, karc\u00e1ll\u00f3 mint\u00e1kat hoz l\u00e9tre, bonyolult r\u00e9szletekkel, sz\u00e9lesebb sz\u00ednsk\u00e1l\u00e1val (teljes sz\u00edn\u00e1rnyalatok, sz\u00edn\u00e1tmenetek, f\u00e9nyk\u00e9pek) \u00e9s rugalmass\u00e1ggal. Az Inkcups \u00e9s a Vibrantz Technologies relev\u00e1ns megold\u00e1sokat k\u00edn\u00e1l.<\/li><li><strong>Matric\u00e1k:<\/strong> El\u0151re publik\u00e1lt tervek vagy embl\u00e9m\u00e1k, matric\u00e1kk\u00e9nt kivitelezve, gyakran az \u00e1lland\u00f3s\u00e1g \u00e9rdek\u00e9ben \u00e9getve.<\/li><li><strong>Dombornyom\u00e1s\/M\u00e9lynyom\u00e1s:<\/strong> Kifinomult, tapinthat\u00f3, h\u00e1romdimenzi\u00f3s m\u00e1rkahat\u00e1st kelt\u0151, kiemelt vagy s\u00fcllyesztett mint\u00e1kat hoz l\u00e9tre \u00fcvegen.<\/li><li><strong>Kiv\u00e1l\u00f3 min\u0151s\u00e9g\u0171 c\u00edmk\u00e9k:<\/strong> A dombornyomott mint\u00e1kkal, minimalista tipogr\u00e1fi\u00e1val \u00e9s ac\u00e9lf\u00f3lia-kieg\u00e9sz\u00edt\u0151kkel ell\u00e1tott, egyedi \u00f6ntapad\u00f3s c\u00edmk\u00e9k fokozz\u00e1k a magas \u00e1rak l\u00e1tszat\u00e1t.<\/li><\/ul>\t\t\t\t\t\t\t\t<\/div>\n\t\t\t\t<div class=\"elementor-element elementor-element-91ce501 elementor-widget elementor-widget-heading\" data-id=\"91ce501\" data-element_type=\"widget\" data-e-type=\"widget\" data-widget_type=\"heading.default\">\n\t\t\t\t\t<h3 class=\"elementor-heading-title elementor-size-default\">2.5. Egyedi m\u00e1sodlagos csomagol\u00e1s<\/h3>\t\t\t\t<\/div>\n\t\t\t\t<div class=\"elementor-element elementor-element-e9aacb9 elementor-widget elementor-widget-text-editor\" data-id=\"e9aacb9\" data-element_type=\"widget\" data-e-type=\"widget\" data-widget_type=\"text-editor.default\">\n\t\t\t\t\t\t\t\t\t<p>A m\u00e1sodlagos csomagol\u00e1s kieg\u00e9sz\u00edti a kicsomagol\u00e1si \u00e9lm\u00e9nyt \u00e9s meger\u0151s\u00edti az embl\u00e9ma \u00fczenet\u00e9t.<\/p><ul><li><strong>Anyagv\u00e1laszt\u00e1s:<\/strong> A pr\u00e9mium kateg\u00f3ri\u00e1s merev karton luxust sug\u00e1roz; a fenntarthat\u00f3 kraftpap\u00edr k\u00f6rnyezettudatoss\u00e1got t\u00fckr\u00f6z.<\/li><li><strong>Vizu\u00e1lis \u00e9s tapinthat\u00f3 elemek:<\/strong> Az ablakkiv\u00e1g\u00e1sok, a r\u00e9teges text\u00far\u00e1k vagy az ac\u00e9lfel\u00fcletek v\u00e1rakoz\u00e1st keltenek.<\/li><li><strong>Kicsomagol\u00e1si \u00e9lm\u00e9ny:<\/strong> A gondosan megtervezett kicsomagol\u00e1s jelent\u0151sen befoly\u00e1solja az \u00e9rzelmi k\u00f6t\u0151d\u00e9st \u00e9s az \u00e9rz\u00e9kelt \u00e1rat.<\/li><li><strong>Funkcion\u00e1lis szempontok:<\/strong> A szerkezeti integrit\u00e1s megv\u00e9di a gyerty\u00e1t a sz\u00e1ll\u00edt\u00e1s sor\u00e1n. Az olyan jellemz\u0151k, mint az egyedi habbet\u00e9tek, a dupla falak vagy az UV-bevonatok fokozz\u00e1k a tart\u00f3ss\u00e1got.<\/li><\/ul>\t\t\t\t\t\t\t\t<\/div>\n\t\t\t\t<div class=\"elementor-element elementor-element-bd86292 elementor-widget elementor-widget-image\" data-id=\"bd86292\" data-element_type=\"widget\" data-e-type=\"widget\" data-widget_type=\"image.default\">\n\t\t\t\t\t\t\t\t\t\t\t\t\t\t\t<img fetchpriority=\"high\" decoding=\"async\" width=\"1000\" height=\"750\" src=\"https:\/\/mostebglass.com\/wp-content\/uploads\/2025\/08\/candle-jar-manufacturers01.webp\" class=\"attachment-full size-full wp-image-434\" alt=\"gyertyatart\u00f3 gy\u00e1rt\u00f3k\" srcset=\"https:\/\/mostebglass.com\/wp-content\/uploads\/2025\/08\/candle-jar-manufacturers01.webp 1000w, https:\/\/mostebglass.com\/wp-content\/uploads\/2025\/08\/candle-jar-manufacturers01-600x450.webp 600w, https:\/\/mostebglass.com\/wp-content\/uploads\/2025\/08\/candle-jar-manufacturers01-768x576.webp 768w, https:\/\/mostebglass.com\/wp-content\/uploads\/2025\/08\/candle-jar-manufacturers01-16x12.webp 16w\" sizes=\"(max-width: 1000px) 100vw, 1000px\" \/>\t\t\t\t\t\t\t\t\t\t\t\t\t\t\t<\/div>\n\t\t\t\t<div class=\"elementor-element elementor-element-d504e7e elementor-widget elementor-widget-heading\" data-id=\"d504e7e\" data-element_type=\"widget\" data-e-type=\"widget\" data-widget_type=\"heading.default\">\n\t\t\t\t\t<h2 class=\"elementor-heading-title elementor-size-default\">3. Fejlett gy\u00e1rt\u00e1si technol\u00f3gi\u00e1k, amelyek lehet\u0151v\u00e9 teszik a testreszab\u00e1st<\/h2>\t\t\t\t<\/div>\n\t\t\t\t<div class=\"elementor-element elementor-element-9f6239b elementor-widget elementor-widget-text-editor\" data-id=\"9f6239b\" data-element_type=\"widget\" data-e-type=\"widget\" data-widget_type=\"text-editor.default\">\n\t\t\t\t\t\t\t\t\t<p>A bonyolult, brili\u00e1ns \u00e9s k\u00f6lts\u00e9ghat\u00e9kony testreszabhat\u00f3s\u00e1got a gy\u00e1rt\u00e1si technol\u00f3gi\u00e1k gyors fejl\u0151d\u00e9se vez\u00e9rli, amely nagyobb tervez\u00e9si szabads\u00e1got, pontoss\u00e1got \u00e9s teljes\u00edtm\u00e9nyt biztos\u00edt.<\/p>\t\t\t\t\t\t\t\t<\/div>\n\t\t\t\t<div class=\"elementor-element elementor-element-d91728d elementor-widget elementor-widget-heading\" data-id=\"d91728d\" data-element_type=\"widget\" data-e-type=\"widget\" data-widget_type=\"heading.default\">\n\t\t\t\t\t<h3 class=\"elementor-heading-title elementor-size-default\">3.1. Fejlett formak\u00e9sz\u00edt\u00e9si technik\u00e1k<\/h3>\t\t\t\t<\/div>\n\t\t\t\t<div class=\"elementor-element elementor-element-fa3f64e elementor-widget elementor-widget-text-editor\" data-id=\"fa3f64e\" data-element_type=\"widget\" data-e-type=\"widget\" data-widget_type=\"text-editor.default\">\n\t\t\t\t\t\t\t\t\t<p>A modern formagy\u00e1rt\u00e1s a legmodernebb megk\u00f6zel\u00edt\u00e9seket alkalmazza az \u00f6sszetett, egyedi \u00e9s megism\u00e9telhet\u0151 \u00fcvegpap\u00edrok el\u0151\u00e1ll\u00edt\u00e1s\u00e1hoz.<\/p><ul><li><strong>Prec\u00edzi\u00f3s CNC megmunk\u00e1l\u00e1s:<\/strong> Meglehet\u0151sen pontos, megism\u00e9telhet\u0151 form\u00e1kat hoz l\u00e9tre kidolgozott r\u00e9szletekkel, ami elengedhetetlen bizonyos form\u00e1khoz \u00e9s norm\u00e1l min\u0151s\u00e9ghez.<\/li><li><strong>Speci\u00e1lis \u00f6nt\u0151form\u00e1k \u00e9s bevonatok:<\/strong> A fejlett kov\u00e1csoltvas \u00f6tv\u00f6zetek olyan alkatr\u00e9szekkel rendelkeznek, amelyek fokozz\u00e1k a kop\u00e1s- \u00e9s oxid\u00e1ci\u00f3\u00e1ll\u00f3s\u00e1got, meghosszabb\u00edtj\u00e1k az \u00e9lettartamot \u00e9s cs\u00f6kkentik a hib\u00e1kat. A korr\u00f3zi\u00f3\u00e1ll\u00f3 bevonatok ezenk\u00edv\u00fcl n\u00f6velik a forma \u00e9lettartam\u00e1t.<\/li><\/ul>\t\t\t\t\t\t\t\t<\/div>\n\t\t\t\t<div class=\"elementor-element elementor-element-c979ca6 elementor-widget elementor-widget-heading\" data-id=\"c979ca6\" data-element_type=\"widget\" data-e-type=\"widget\" data-widget_type=\"heading.default\">\n\t\t\t\t\t<h3 class=\"elementor-heading-title elementor-size-default\">3.2. Digit\u00e1lis nyomtat\u00e1s<\/h3>\t\t\t\t<\/div>\n\t\t\t\t<div class=\"elementor-element elementor-element-a584e43 elementor-widget elementor-widget-text-editor\" data-id=\"a584e43\" data-element_type=\"widget\" data-e-type=\"widget\" data-widget_type=\"text-editor.default\">\n\t\t\t\t\t\t\t\t\t<p>A digit\u00e1lis nyomtat\u00e1s forradalmas\u00edtotta az \u00fcvegfel\u00fcletek d\u00edsz\u00edt\u00e9s\u00e9t, p\u00e9ld\u00e1tlan rugalmass\u00e1got, elem- \u00e9s sz\u00ednm\u00e1solatot k\u00edn\u00e1lva.<\/p><ul><li><strong>K\u00f6zvetlen\u00fcl \u00fcvegre digit\u00e1lis nyomtat\u00e1s:<\/strong> Speci\u00e1lis ker\u00e1mia tint\u00e1t visz fel azonnal az \u00fcvegre, amely a magas h\u0151m\u00e9rs\u00e9klet\u0171 edz\u00e9s vagy \u00e9get\u00e9s sor\u00e1n teljesen megolvad. Ez tart\u00f3s, kop\u00e1s\u00e1ll\u00f3 kialak\u00edt\u00e1st eredm\u00e9nyez, amely ellen\u00e1ll az UV-sug\u00e1rz\u00e1snak, a vegyszereknek \u00e9s a kop\u00e1snak.<\/li><li><strong>Nagy felbont\u00e1s \u00e9s sz\u00ednsk\u00e1la:<\/strong> Nehezebb r\u00e9szleteket, sz\u00e9lesebb sz\u00ednv\u00e1laszt\u00e9kot \u00e9s nagyobb rugalmass\u00e1got k\u00edn\u00e1l, mint a selyemnyomtat\u00e1s, lehet\u0151v\u00e9 t\u00e9ve a teljes \u00e1rnyalatokat, sz\u00edn\u00e1tmeneteket \u00e9s fotorealisztikus fot\u00f3kat. A Vibrantz Technologies megfelel\u0151 fest\u00e9keket k\u00edn\u00e1l.<\/li><li><strong>Hat\u00e9konys\u00e1g \u00e9s testreszabhat\u00f3s\u00e1g:<\/strong> Leegyszer\u0171s\u00edti a termel\u00e9st a gyorsabb \u00e1tfut\u00e1si id\u0151 \u00e9rdek\u00e9ben. Lehet\u0151v\u00e9 teszi az egyedi tervek, kis t\u00e9telek \u00e9s a meglehet\u0151sen egyedi p\u00e9ld\u00e1nysz\u00e1mok alacsony k\u00f6lts\u00e9gvet\u00e9s\u0171 nyomtat\u00e1s\u00e1t, \u00edgy az egyedi csomagol\u00e1s praktikus.<\/li><li><strong>Kikem\u00e9nyed\u00e9si technol\u00f3gi\u00e1k:<\/strong> A modern nyomtat\u00f3k fejlett tintasz\u00e1ll\u00edt\u00e1st \u00e9s z\u00f6ld UV-sz\u00e1r\u00edt\u00e1st alkalmaznak a gyorsabb sz\u00e1r\u00edt\u00e1s, a kisebb szil\u00e1rds\u00e1g \u00e9s a tintakompatibilit\u00e1s \u00e9rdek\u00e9ben.<\/li><\/ul>\t\t\t\t\t\t\t\t<\/div>\n\t\t\t\t<div class=\"elementor-element elementor-element-e5e5f92 elementor-widget elementor-widget-heading\" data-id=\"e5e5f92\" data-element_type=\"widget\" data-e-type=\"widget\" data-widget_type=\"heading.default\">\n\t\t\t\t\t<h3 class=\"elementor-heading-title elementor-size-default\">3.3. L\u00e9zeres marat\u00e1s<\/h3>\t\t\t\t<\/div>\n\t\t\t\t<div class=\"elementor-element elementor-element-7b78219 elementor-widget elementor-widget-text-editor\" data-id=\"7b78219\" data-element_type=\"widget\" data-e-type=\"widget\" data-widget_type=\"text-editor.default\">\n\t\t\t\t\t\t\t\t\t<p>A l\u00e9zergrav\u00edroz\u00e1s prec\u00edz \u00e9s eleg\u00e1ns m\u00f3dszert k\u00edn\u00e1l bonyolult mint\u00e1k, log\u00f3k vagy sz\u00f6vegek \u00fcvegfel\u00fcletekre val\u00f3 felvitel\u00e9re. Ez az \u00e9rint\u00e9smentes elj\u00e1r\u00e1s f\u00f3kusz\u00e1lt l\u00e9zert haszn\u00e1l a fel\u00fclet matt\u00edt\u00e1s\u00e1ra vagy matt\u00edt\u00e1s\u00e1ra, finom r\u00e9szleteket \u00e9s pr\u00e9mium, tart\u00f3s fel\u00fcletet hozva l\u00e9tre, amely visszafogott luxust sug\u00e1roz.<\/p>\t\t\t\t\t\t\t\t<\/div>\n\t\t\t\t<div class=\"elementor-element elementor-element-e798e3b elementor-widget elementor-widget-heading\" data-id=\"e798e3b\" data-element_type=\"widget\" data-e-type=\"widget\" data-widget_type=\"heading.default\">\n\t\t\t\t\t<h3 class=\"elementor-heading-title elementor-size-default\">3.4. Speci\u00e1lis bevonatalkalmaz\u00e1sok<\/h3>\t\t\t\t<\/div>\n\t\t\t\t<div class=\"elementor-element elementor-element-87d2061 elementor-widget elementor-widget-text-editor\" data-id=\"87d2061\" data-element_type=\"widget\" data-e-type=\"widget\" data-widget_type=\"text-editor.default\">\n\t\t\t\t\t\t\t\t\t<p>Speci\u00e1lis bevonatok d\u00edsz\u00edtik a gyertyatart\u00f3k minden eszt\u00e9tikai l\u00e1tv\u00e1nyoss\u00e1g\u00e1t \u00e9s praktikus h\u00e1z\u00e1t.<\/p><ul><li><strong>UV-bevonatok:<\/strong> N\u00f6veli a szil\u00e1rds\u00e1got, a karc\u00e1ll\u00f3s\u00e1got \u00e9s az UV-sug\u00e1rz\u00e1s elleni v\u00e9delmet.<\/li><li><strong>Puha tapint\u00e1s\u00fa bevonatok:<\/strong> Teremtsen dr\u00e1ga, b\u00e1rsonyos tapint\u00e1si \u00e9lm\u00e9nyt, jav\u00edtva a kicsomagol\u00e1st \u00e9s az \u00e9rz\u00e9kelt \u00e9rt\u00e9ket.<\/li><li><strong>Cs\u00fasz\u00e1sg\u00e1tl\u00f3 bevonatok:<\/strong> Jav\u00edtja a tapad\u00e1st \u00e9s a v\u00e9delmet, f\u0151leg nagy \u00fcvegek eset\u00e9n.<\/li><\/ul>\t\t\t\t\t\t\t\t<\/div>\n\t\t\t\t<div class=\"elementor-element elementor-element-534f762 elementor-widget elementor-widget-heading\" data-id=\"534f762\" data-element_type=\"widget\" data-e-type=\"widget\" data-widget_type=\"heading.default\">\n\t\t\t\t\t<h2 class=\"elementor-heading-title elementor-size-default\">4. Testreszab\u00e1si strat\u00e9gi\u00e1k a m\u00e1rka megk\u00fcl\u00f6nb\u00f6ztet\u00e9s\u00e9hez a piaci szegmensekben<\/h2>\t\t\t\t<\/div>\n\t\t\t\t<div class=\"elementor-element elementor-element-5f8b35d elementor-widget elementor-widget-text-editor\" data-id=\"5f8b35d\" data-element_type=\"widget\" data-e-type=\"widget\" data-widget_type=\"text-editor.default\">\n\t\t\t\t\t\t\t\t\t<p>A gyertyapiac k\u00fcl\u00f6nb\u00f6z\u0151 szegmensei a testreszab\u00e1st kihaszn\u00e1lva leny\u0171g\u00f6z\u0151 log\u00f3identit\u00e1sokat \u00e9rhetnek el, n\u00f6velhetik az \u00e9rz\u00e9kelt \u00e1rat \u00e9s \u00e9lvezhetik a versenyk\u00e9pes el\u0151ny\u00f6ket, a kurzusv\u00e1s\u00e1rl\u00f3kra, a log\u00f3pozicion\u00e1l\u00e1sra \u00e9s a gy\u00e1rt\u00e1si k\u00e9szs\u00e9gekre t\u00e1maszkodva.<\/p>\t\t\t\t\t\t\t\t<\/div>\n\t\t\t\t<div class=\"elementor-element elementor-element-91e3463 elementor-widget elementor-widget-heading\" data-id=\"91e3463\" data-element_type=\"widget\" data-e-type=\"widget\" data-widget_type=\"heading.default\">\n\t\t\t\t\t<h3 class=\"elementor-heading-title elementor-size-default\">4.1. Luxuspiaci szegmens<\/h3>\t\t\t\t<\/div>\n\t\t\t\t<div class=\"elementor-element elementor-element-e4b0673 elementor-widget elementor-widget-text-editor\" data-id=\"e4b0673\" data-element_type=\"widget\" data-e-type=\"widget\" data-widget_type=\"text-editor.default\">\n\t\t\t\t\t\t\t\t\t<p>A luxusm\u00e1rk\u00e1k gy\u00e1rt\u00f3i az exkluzivit\u00e1st, a k\u00e9zm\u0171vess\u00e9get \u00e9s a fokozott, t\u00f6bb \u00e9rz\u00e9kszervre hat\u00f3 \u00e9lvezetet helyezik el\u0151t\u00e9rbe.<\/p><ul><li><strong>Anyagok:<\/strong> Kiv\u00e1l\u00f3 min\u0151s\u00e9g\u0171 anyagok, bele\u00e9rtve a vastag \u00fcveget, a gy\u00f3gyn\u00f6v\u00e9nykrist\u00e1lyt vagy a kiv\u00e1l\u00f3 min\u0151s\u00e9g\u0171 porcel\u00e1nt\/ker\u00e1mi\u00e1t pol\u00edrozott v\u00e9ggel. A boroszilik\u00e1t \u00fcveg el\u0151ny\u00f6s az olvashat\u00f3s\u00e1ga \u00e9s a h\u0151\u00e1ll\u00f3s\u00e1ga miatt.<\/li><li><strong>Form\u00e1k \u00e9s text\u00far\u00e1k:<\/strong>Az egyedi \u00e9s szokatlan form\u00e1k (geometriai, aszimmetrikus) \u00e9s a f\u00e9nyvisszaver\u0151 text\u00far\u00e1k (matt, dombornyomott) k\u00fcl\u00f6nleges \u00e9rz\u00e9kszervi sz\u00f3rakoztat\u00e1st ny\u00fajtanak.<\/li><li><strong>Kivitel \u00e9s sz\u00ednek:<\/strong> A hagyom\u00e1nyos sz\u00edn\u00e1rnyalatok (arany, ez\u00fcst, fekete, feh\u00e9r) sz\u00e9les v\u00e1laszt\u00e9ka ac\u00e9lb\u00f3l, kiemelked\u0151 f\u00e9nyes vagy matt fel\u00fcletekkel kellemes kidolgozott megjelen\u00e9st biztos\u00edt. A matt \u00fcveg kifinomult pomp\u00e1t k\u00e9pvisel.<\/li><li><strong>Integr\u00e1lt m\u00e1rka\u00e9p\u00edt\u00e9s:<\/strong> Az egyedi c\u00edmk\u00e9z\u00e9si tehets\u00e9gek divatos dombornyomott mint\u00e1kkal, minimalista tipogr\u00e1fi\u00e1val \u00e9s ac\u00e9lf\u00f3lia d\u00edsz\u00edt\u00e9sekkel er\u0151s\u00edtik a n\u00e9pszer\u0171s\u00e9get \u00e9s az exkluzivit\u00e1st.<\/li><li><strong>Kicsomagol\u00e1si \u00e9lm\u00e9ny:<\/strong> Gondosan megtervezett m\u00e1sodlagos csomagol\u00e1s (kiv\u00e1l\u00f3 min\u0151s\u00e9g\u0171, rugalmatlan karton, r\u00e9teges text\u00far\u00e1k, v\u00e9d\u0151 bet\u00e9tek) az eml\u00e9kezetes kicsomagol\u00e1s\u00e9rt, ami hozz\u00e1j\u00e1rul az \u00e9rz\u00e9kelt \u00e1rhoz.<\/li><li><strong>Fenntarthat\u00f3s\u00e1g a luxusban:<\/strong> A n\u00f6vekv\u0151 priorit\u00e1s az \u00fajrafelhaszn\u00e1lhat\u00f3 alternat\u00edv\u00e1k \u00e9s a fenntarthat\u00f3 anyagok fel\u00e9 ir\u00e1nyul, amit a Dior \u00fajrat\u00f6lthet\u0151 luxuscikkekkel kapcsolatos elismer\u00e9se is p\u00e9ld\u00e1z.<\/li><\/ul>\t\t\t\t\t\t\t\t<\/div>\n\t\t\t\t<div class=\"elementor-element elementor-element-86614a8 elementor-widget elementor-widget-image\" data-id=\"86614a8\" data-element_type=\"widget\" data-e-type=\"widget\" data-widget_type=\"image.default\">\n\t\t\t\t\t\t\t\t\t\t\t\t\t\t\t<img decoding=\"async\" width=\"1000\" height=\"750\" src=\"https:\/\/mostebglass.com\/wp-content\/uploads\/2025\/08\/candle-jar-manufacturers04.webp\" class=\"attachment-full size-full wp-image-443\" alt=\"gyertyatart\u00f3 gy\u00e1rt\u00f3k\" srcset=\"https:\/\/mostebglass.com\/wp-content\/uploads\/2025\/08\/candle-jar-manufacturers04.webp 1000w, https:\/\/mostebglass.com\/wp-content\/uploads\/2025\/08\/candle-jar-manufacturers04-600x450.webp 600w, https:\/\/mostebglass.com\/wp-content\/uploads\/2025\/08\/candle-jar-manufacturers04-768x576.webp 768w, https:\/\/mostebglass.com\/wp-content\/uploads\/2025\/08\/candle-jar-manufacturers04-16x12.webp 16w\" sizes=\"(max-width: 1000px) 100vw, 1000px\" \/>\t\t\t\t\t\t\t\t\t\t\t\t\t\t\t<\/div>\n\t\t\t\t<div class=\"elementor-element elementor-element-fccd99f elementor-widget elementor-widget-heading\" data-id=\"fccd99f\" data-element_type=\"widget\" data-e-type=\"widget\" data-widget_type=\"heading.default\">\n\t\t\t\t\t<h3 class=\"elementor-heading-title elementor-size-default\">4.2. T\u00f6megpiaci szegmens<\/h3>\t\t\t\t<\/div>\n\t\t\t\t<div class=\"elementor-element elementor-element-8b2efb5 elementor-widget elementor-widget-text-editor\" data-id=\"8b2efb5\" data-element_type=\"widget\" data-e-type=\"widget\" data-widget_type=\"text-editor.default\">\n\t\t\t\t\t\t\t\t\t<p>A t\u00f6megpiaci m\u00e1rk\u00e1k a sz\u00e9les k\u00f6r\u0171 vonzer\u0151re, a k\u00f6lts\u00e9ghat\u00e9konys\u00e1gra \u00e9s a hat\u00e9kony termel\u00e9sre \u00f6sszpontos\u00edtanak, mik\u00f6zben megk\u00fcl\u00f6nb\u00f6ztetik magukat a t\u00f6bbit\u0151l.<\/p><ul><li><strong>Szabv\u00e1nyos\u00edtott testreszab\u00e1s:<\/strong> Standard \u00fcvegform\u00e1kat haszn\u00e1l, amelyeket gazdas\u00e1gos m\u00f3dszerekkel, p\u00e9ld\u00e1ul \u00e9l\u00e9nk sz\u00edn\u0171 bevonatokkal, k\u00f6zvetlen nyomtat\u00e1ssal vagy matric\u00e1kkal szabnak testre.<\/li><li><strong>Anyaghat\u00e9konys\u00e1g:<\/strong> Els\u0151sorban \u00fcveg, de bizonyos term\u00e9kekhez (pl. utaz\u00f3gyerty\u00e1k) gazdas\u00e1gosabb \u00fcvegt\u00edpusokat vagy k\u00f6nny\u0171 f\u00e9mdobozokat is haszn\u00e1lhatunk.<\/li><li><strong>Hat\u00e9kony c\u00edmk\u00e9z\u00e9s:<\/strong> A digit\u00e1lis nyomtat\u00e1s k\u00f6lts\u00e9ghat\u00e9kony megold\u00e1sokat k\u00edn\u00e1l nagy p\u00e9ld\u00e1nysz\u00e1m\u00fa p\u00e9ld\u00e1nyok eset\u00e9n, tervez\u00e9si rugalmass\u00e1got biztos\u00edtva jelent\u0151s k\u00f6lts\u00e9gn\u00f6veked\u00e9s n\u00e9lk\u00fcl.<\/li><li><strong>MOQ kezel\u00e9s:<\/strong> Magas rendel\u00e9si mennyis\u00e9geket \u00e9r el az alacsonyabb egys\u00e9gk\u00f6lts\u00e9gek \u00e9rdek\u00e9ben, ami gondos k\u00e9szletgazd\u00e1lkod\u00e1st ig\u00e9nyel a t\u00falk\u00e9szletez\u00e9s elker\u00fcl\u00e9se \u00e9rdek\u00e9ben.<\/li><\/ul>\t\t\t\t\t\t\t\t<\/div>\n\t\t\t\t<div class=\"elementor-element elementor-element-d8cafa7 elementor-widget elementor-widget-heading\" data-id=\"d8cafa7\" data-element_type=\"widget\" data-e-type=\"widget\" data-widget_type=\"heading.default\">\n\t\t\t\t\t<h3 class=\"elementor-heading-title elementor-size-default\">4.3. K\u00e9zm\u0171ves \u00e9s kisv\u00e1llalkoz\u00f3i szegmens<\/h3>\t\t\t\t<\/div>\n\t\t\t\t<div class=\"elementor-element elementor-element-edcdda4 elementor-widget elementor-widget-text-editor\" data-id=\"edcdda4\" data-element_type=\"widget\" data-e-type=\"widget\" data-widget_type=\"text-editor.default\">\n\t\t\t\t\t\t\t\t\t<p>A k\u00e9zm\u0171ves gy\u00e1rt\u00f3k az egyedis\u00e9get, a k\u00e9zzel k\u00e9sz\u00edtett var\u00e1zst \u00e9s a fenntarthat\u00f3s\u00e1got hangs\u00falyozz\u00e1k.<\/p><ul><li><strong>Megold\u00e1sok a minim\u00e1lis mennyis\u00e9gekhez:<\/strong> Partners\u00e9g specializ\u00e1lt, gyors\u00edtott gy\u00e1rt\u00e1s\u00fa gy\u00e1rt\u00f3kkal, k\u00f6z\u00f6s beszerz\u00e9s, 3D nyomtat\u00e1s protot\u00edpus-\/niche tervekhez, n\u00e9pszer\u0171 \u00fcvegek haszn\u00e1lata egyedi c\u00edmk\u00e9kkel, rugalmas felt\u00e9telekr\u0151l val\u00f3 t\u00e1rgyal\u00e1s, valamint modul\u00e1ris elrendez\u00e9si strat\u00e9gi\u00e1k kapacit\u00e1sa.<\/li><li><strong>Anyagf\u00f3kusz:<\/strong> Er\u0151s ig\u00e9ny mutatkozik a z\u00f6ld anyagok, p\u00e9ld\u00e1ul az \u00fajrahasznos\u00edtott \u00fcveg, a k\u00e9zm\u0171ves ker\u00e1mia, az alum\u00ednium, a bambusz vagy az \u00fajrahasznos\u00edtott k\u00f3kuszh\u00e9j ir\u00e1nt. Az \u00fajrafelhaszn\u00e1lhat\u00f3s\u00e1g \u00e9s az \u00fajrat\u00f6lthet\u0151s\u00e9g kulcsfontoss\u00e1g\u00fa.<\/li><li><strong>Hiteless\u00e9g:<\/strong> A formatervez\u00e9s gyakran term\u00e9szetes, f\u00f6ldsz\u00edn\u0171 elemeket tartalmaz, kieg\u00e9sz\u00edtve a term\u00e9szetes viaszokat \u00e9s illatanyagokat, n\u00e9ha fenntarthat\u00f3 fa kan\u00f3cokkal.<\/li><\/ul>\t\t\t\t\t\t\t\t<\/div>\n\t\t\t\t<div class=\"elementor-element elementor-element-b1d6cfb elementor-widget elementor-widget-heading\" data-id=\"b1d6cfb\" data-element_type=\"widget\" data-e-type=\"widget\" data-widget_type=\"heading.default\">\n\t\t\t\t\t<h3 class=\"elementor-heading-title elementor-size-default\">4.4. K\u00f6rnyezetbar\u00e1t szegmens<\/h3>\t\t\t\t<\/div>\n\t\t\t\t<div class=\"elementor-element elementor-element-b562890 elementor-widget elementor-widget-text-editor\" data-id=\"b562890\" data-element_type=\"widget\" data-e-type=\"widget\" data-widget_type=\"text-editor.default\">\n\t\t\t\t\t\t\t\t\t<p>Ez a szakasz a term\u00e9k \u00e9letciklusa sor\u00e1n a k\u00f6rnyezeti hat\u00e1sok minimaliz\u00e1l\u00e1s\u00e1t helyezi el\u0151t\u00e9rbe.<\/p><ul><li><strong>Fenntarthat\u00f3 anyagok:<\/strong> Nagyfok\u00fa t\u00e1maszkod\u00e1s a cs\u00f6kkentett k\u00f6rnyezeti l\u00e1bnyom\u00fa anyagokra: \u00fajrahasznos\u00edtott \u00fcveg, ker\u00e1mia, alum\u00ednium, bambusz, \u00fajrahasznos\u00edtott k\u00f3kuszh\u00e9j \u00e9s n\u00f6v\u00e9nyi alap\u00fa biom\u0171anyagok.<\/li><li><strong>\u00dajrat\u00f6lthet\u0151 mint\u00e1k:<\/strong> Hossz\u00fa t\u00e1v\u00fa, ism\u00e9telt haszn\u00e1latra tervezve, viasz ut\u00e1nt\u00f6lt\u0151kkel, minimaliz\u00e1lva a h\u00e1zasatlan hullad\u00e9kot \u00e9s egy k\u00f6rforg\u00e1sos gazdas\u00e1gi rendszert alkalmazva.<\/li><li><strong>Gy\u00e1rt\u00e1si folyamatok:<\/strong> Hangs\u00faly a k\u00f6rnyezeti k\u00e1rokat minimaliz\u00e1l\u00f3 folyamatokon, bele\u00e9rtve az alacsony energiafogyaszt\u00e1st (pl. \u00fcvegt\u00f6rmel\u00e9k az \u00fcveggy\u00e1rt\u00e1sban), a v\u00edzmentes fest\u00e9st \u00e9s a hat\u00e9kony viaszfelhaszn\u00e1l\u00e1st.<\/li><li><strong>\u00c9lettartam v\u00e9gi szempontok:<\/strong> \u00d6sszpontos\u00edtson a felel\u0151s hullad\u00e9kkezel\u00e9sre: \u00fcvegvisszav\u00e9teli programok, biol\u00f3giailag leboml\u00f3 bevonatok \u00e9s az \u00fajrahasznos\u00edt\u00e1s \u00f6szt\u00f6nz\u00e9se.<\/li><li><strong>\u00c9letciklus-\u00e9rt\u00e9kel\u00e9s (LCA):<\/strong> Kritikus eszk\u00f6z a nyersanyag-kitermel\u00e9st\u0151l az \u00e1rtalmatlan\u00edt\u00e1sig terjed\u0151 k\u00f6rnyezeti hat\u00e1sok kutat\u00e1s\u00e1ra, amely a sz\u00e9nl\u00e1bnyom, a hullad\u00e9k \u00e9s a kibocs\u00e1t\u00e1s cs\u00f6kkent\u00e9s\u00e9re specializ\u00e1l\u00f3dott.<\/li><\/ul><p><a href=\"https:\/\/mostebglass.com\/hu\/\">Mosteb<\/a> strat\u00e9giailag is k\u00e9pes m\u0171k\u00f6dni a t\u00f6megpiaci vonzer\u0151 \u00e9rdek\u00e9ben fejlett virtu\u00e1lis nyomtat\u00e1s kihaszn\u00e1l\u00e1s\u00e1val, k\u00fcl\u00f6nleges luxuskollekci\u00f3khoz \u00fcveg 3D nyomtat\u00e1s\u00e1nak felt\u00e1r\u00e1s\u00e1val, valamint az \u00fajrahasznos\u00edtott anyagok \u00e9s az \u00fajrat\u00f6lthet\u0151 mint\u00e1k k\u00f6rnyezettudatos el\u0151t\u00e9rbe helyez\u00e9s\u00e9vel.<\/p>\t\t\t\t\t\t\t\t<\/div>\n\t\t\t\t\t<\/div>\n\t\t\t\t<\/div>\n\t\t<div class=\"elementor-element elementor-element-58b234e e-flex e-con-boxed e-con e-parent\" data-id=\"58b234e\" data-element_type=\"container\" data-e-type=\"container\" data-settings=\"{&quot;_ha_eqh_enable&quot;:false}\">\n\t\t\t\t\t<div class=\"e-con-inner\">\n\t\t\t\t<div class=\"elementor-element elementor-element-02f538c elementor-widget elementor-widget-image\" data-id=\"02f538c\" data-element_type=\"widget\" data-e-type=\"widget\" data-widget_type=\"image.default\">\n\t\t\t\t\t\t\t\t\t\t\t\t\t\t\t<img decoding=\"async\" width=\"1000\" height=\"750\" src=\"https:\/\/mostebglass.com\/wp-content\/uploads\/2025\/08\/candle-jar-manufacturers02.webp\" class=\"attachment-full size-full wp-image-435\" alt=\"gyertyatart\u00f3 gy\u00e1rt\u00f3k\" srcset=\"https:\/\/mostebglass.com\/wp-content\/uploads\/2025\/08\/candle-jar-manufacturers02.webp 1000w, https:\/\/mostebglass.com\/wp-content\/uploads\/2025\/08\/candle-jar-manufacturers02-600x450.webp 600w, https:\/\/mostebglass.com\/wp-content\/uploads\/2025\/08\/candle-jar-manufacturers02-768x576.webp 768w, https:\/\/mostebglass.com\/wp-content\/uploads\/2025\/08\/candle-jar-manufacturers02-16x12.webp 16w\" sizes=\"(max-width: 1000px) 100vw, 1000px\" \/>\t\t\t\t\t\t\t\t\t\t\t\t\t\t\t<\/div>\n\t\t\t\t<div class=\"elementor-element elementor-element-c223dc2 elementor-widget elementor-widget-heading\" data-id=\"c223dc2\" data-element_type=\"widget\" data-e-type=\"widget\" data-widget_type=\"heading.default\">\n\t\t\t\t\t<h2 class=\"elementor-heading-title elementor-size-default\">5. Kih\u00edv\u00e1sok \u00e9s j\u00f6v\u0151beli kil\u00e1t\u00e1sok az egyedi gyertyatart\u00f3k gy\u00e1rt\u00e1s\u00e1ban<\/h2>\t\t\t\t<\/div>\n\t\t\t\t<div class=\"elementor-element elementor-element-8ab560e elementor-widget elementor-widget-text-editor\" data-id=\"8ab560e\" data-element_type=\"widget\" data-e-type=\"widget\" data-widget_type=\"text-editor.default\">\n\t\t\t\t\t\t\t\t\t<p>M\u00edg a testreszab\u00e1s hatalmas lehet\u0151s\u00e9geket k\u00edn\u00e1l, a megval\u00f3s\u00edt\u00e1sa kih\u00edv\u00e1sokkal j\u00e1r. Ezen akad\u00e1lyok meg\u00e9rt\u00e9se \u00e9s a sors trendjeinek el\u0151rejelz\u00e9se kulcsfontoss\u00e1g\u00fa mind a gyertyam\u00e1rk\u00e1k, mind a Mostebhez hasonl\u00f3 gyertyatart\u00f3-gy\u00e1rt\u00f3k sz\u00e1m\u00e1ra a boldogul\u00e1shoz.<\/p>\t\t\t\t\t\t\t\t<\/div>\n\t\t\t\t<div class=\"elementor-element elementor-element-9aba834 elementor-widget elementor-widget-heading\" data-id=\"9aba834\" data-element_type=\"widget\" data-e-type=\"widget\" data-widget_type=\"heading.default\">\n\t\t\t\t\t<h3 class=\"elementor-heading-title elementor-size-default\">5.1. A halad\u00f3 testreszab\u00e1s megval\u00f3s\u00edt\u00e1s\u00e1nak f\u0151bb kih\u00edv\u00e1sai<\/h3>\t\t\t\t<\/div>\n\t\t\t\t<div class=\"elementor-element elementor-element-783f609 elementor-widget elementor-widget-text-editor\" data-id=\"783f609\" data-element_type=\"widget\" data-e-type=\"widget\" data-widget_type=\"text-editor.default\">\n\t\t\t\t\t\t\t\t\t<ul><li><strong>K\u00f6lts\u00e9gvonzatok:<\/strong> A magas, id\u0151 el\u0151tti form\u00e1z\u00e1si d\u00edjak komoly akad\u00e1lyt jelentenek a kkv-k sz\u00e1m\u00e1ra. Az egyedi ig\u00e9nyekre szab\u00e1s, k\u00fcl\u00f6n\u00f6sen a kisebb sorozatok eset\u00e9ben, magasabb egys\u00e9gk\u00f6lts\u00e9gekhez vezet, mivel a fix \u00e1rak kevesebb egys\u00e9gre oszlanak el. Az \u00f6sszetett megrendel\u00e9sek nem hat\u00e9kony gy\u00e1rt\u00e1sa anyagpazarl\u00e1st okozhat.<\/li><li><strong>Meghosszabb\u00edtott \u00e1tfut\u00e1si id\u0151k:<\/strong> Az egyedi formagy\u00e1rt\u00e1s hosszadalmas (12-16 h\u00e9t). A bonyolult tervek \u00e9s a speci\u00e1lis kidolgoz\u00e1sok t\u00f6bbl\u00e9pcs\u0151s megk\u00f6zel\u00edt\u00e9seket ig\u00e9nyelnek, ami meghosszabb\u00edtja az id\u0151keretet \u00e9s befoly\u00e1solja a piac reakci\u00f3k\u00e9pess\u00e9g\u00e9t.<\/li><li><strong>Minim\u00e1lis rendel\u00e9si mennyis\u00e9g (MOQ):<\/strong> Az \u00fcveggy\u00e1rt\u00f3k magas minim\u00e1lis rendel\u00e9si mennyis\u00e9get szabnak meg az egyedi gy\u00e1rt\u00e1s\u00fa \u00fcvegekre, hogy cs\u00f6kkents\u00e9k a k\u00f6lts\u00e9geket. A testreszab\u00e1s bonyolultabb\u00e1 teszi a szabv\u00e1nyos\u00edtott gy\u00e1rt\u00e1st, ami k\u00e9ts\u00e9gtelen\u00fcl k\u00f6vetkezetlens\u00e9gekhez \u00e9s lassabb sz\u00e1ll\u00edt\u00e1sokhoz vezet. A nagyobb mennyis\u00e9gek cs\u00f6kkentik a kock\u00e1zatokat, am\u00edg a gy\u00e1rt\u00e1si fesz\u00fclts\u00e9gek el nem t\u0171nnek.<\/li><li><strong>Sk\u00e1l\u00e1zhat\u00f3s\u00e1gi probl\u00e9m\u00e1k:<\/strong> A kifejezetten egyedi vagy kis t\u00e9tel\u0171 gy\u00e1rt\u00e1sra szakosodott gy\u00e1rt\u00f3knak korl\u00e1tozott kapacit\u00e1suk \u00e9s a gyors m\u00e9retez\u00e9s neh\u00e9zs\u00e9gei is lehetnek. A kis \u00e9s nagy t\u00e9telekben is \u00e1lland\u00f3 min\u0151s\u00e9g fenntart\u00e1sa jelent\u0151s feladat.<\/li><li><strong>K\u00e9szletgazd\u00e1lkod\u00e1s \u00e9s p\u00e9nzforgalmi megterhel\u00e9s:<\/strong> A magas minim\u00e1lis mennyis\u00e9gek t\u00falk\u00e9szletez\u00e9shez, n\u00f6vekv\u0151 v\u00e9delmi k\u00f6lts\u00e9gekhez \u00e9s t\u0151kelek\u00f6t\u00e9shez vezethetnek.<\/li><li><strong>A kereslet-el\u0151rejelz\u00e9s kih\u00edv\u00e1sai:<\/strong> Az egyedi megrendel\u00e9sek egyedi jellege miatt az el\u0151rejelz\u00e9sek kem\u00e9nyek, \u00e9s egyre n\u00f6vekv\u0151 kock\u00e1zatot jelentenek a t\u00faltermel\u00e9s vagy a k\u00e9szlethi\u00e1ny tekintet\u00e9ben.<\/li><\/ul>\t\t\t\t\t\t\t\t<\/div>\n\t\t\t\t<div class=\"elementor-element elementor-element-8a03c0f elementor-widget elementor-widget-image\" data-id=\"8a03c0f\" data-element_type=\"widget\" data-e-type=\"widget\" data-widget_type=\"image.default\">\n\t\t\t\t\t\t\t\t\t\t\t\t\t\t\t<img loading=\"lazy\" decoding=\"async\" width=\"1000\" height=\"750\" src=\"https:\/\/mostebglass.com\/wp-content\/uploads\/2025\/08\/candle-jar-manufacturers03.webp\" class=\"attachment-full size-full wp-image-436\" alt=\"gyertyatart\u00f3 gy\u00e1rt\u00f3k\" srcset=\"https:\/\/mostebglass.com\/wp-content\/uploads\/2025\/08\/candle-jar-manufacturers03.webp 1000w, https:\/\/mostebglass.com\/wp-content\/uploads\/2025\/08\/candle-jar-manufacturers03-600x450.webp 600w, https:\/\/mostebglass.com\/wp-content\/uploads\/2025\/08\/candle-jar-manufacturers03-768x576.webp 768w, https:\/\/mostebglass.com\/wp-content\/uploads\/2025\/08\/candle-jar-manufacturers03-16x12.webp 16w\" sizes=\"(max-width: 1000px) 100vw, 1000px\" \/>\t\t\t\t\t\t\t\t\t\t\t\t\t\t\t<\/div>\n\t\t\t\t\t<\/div>\n\t\t\t\t<\/div>\n\t\t<div class=\"elementor-element elementor-element-bc211ce e-flex e-con-boxed e-con e-parent\" data-id=\"bc211ce\" data-element_type=\"container\" data-e-type=\"container\" data-settings=\"{&quot;_ha_eqh_enable&quot;:false}\">\n\t\t\t\t\t<div class=\"e-con-inner\">\n\t\t\t\t<div class=\"elementor-element elementor-element-fb55975 elementor-widget elementor-widget-heading\" data-id=\"fb55975\" data-element_type=\"widget\" data-e-type=\"widget\" data-widget_type=\"heading.default\">\n\t\t\t\t\t<h3 class=\"elementor-heading-title elementor-size-default\">5.2. Felt\u00f6rekv\u0151 trendek \u00e9s j\u00f6v\u0151beli lehet\u0151s\u00e9gek<\/h3>\t\t\t\t<\/div>\n\t\t\t\t\t<\/div>\n\t\t\t\t<\/div>\n\t\t<div class=\"elementor-element elementor-element-fe0fb8d e-flex e-con-boxed e-con e-parent\" data-id=\"fe0fb8d\" data-element_type=\"container\" data-e-type=\"container\" data-settings=\"{&quot;_ha_eqh_enable&quot;:false}\">\n\t\t\t\t\t<div class=\"e-con-inner\">\n\t\t\t\t<div class=\"elementor-element elementor-element-4cabea3 elementor-widget elementor-widget-text-editor\" data-id=\"4cabea3\" data-element_type=\"widget\" data-e-type=\"widget\" data-widget_type=\"text-editor.default\">\n\t\t\t\t\t\t\t\t\t<p>Az egyedi gyertyatart\u00f3k gy\u00e1rt\u00e1si szervezete gyorsan fejl\u0151dik, a technol\u00f3giai fejleszt\u00e9sek \u00e9s a fenntarthat\u00f3s\u00e1gra helyezett n\u00f6vekv\u0151 hangs\u00faly miatt.<\/p><ul><li><strong>Digitaliz\u00e1ci\u00f3 a gy\u00e1rt\u00e1sban:<\/strong> Az Ipar 4.0 integr\u00e1ci\u00f3ja (IoT, MI, ML) \u00e1talak\u00edtja az \u00fcveggy\u00e1rt\u00e1st a nagyobb teljes\u00edtm\u00e9ny, rugalmass\u00e1g \u00e9s val\u00f3s idej\u0171 optimaliz\u00e1l\u00e1s \u00e9rdek\u00e9ben.<\/li><li><strong>Fenntarthat\u00f3 testreszab\u00e1si gyakorlatok:<\/strong> G\u00f6mb alak\u00fa p\u00e9nzg\u00e9p modellekre f\u00f3kusz\u00e1lva (\u00fajrafelhaszn\u00e1l\u00e1s, \u00fajrahasznos\u00edt\u00e1s, komposzt\u00e1l\u00e1s, \u00fajrat\u00f6lthet\u0151 mint\u00e1k). Forradalmian fenntarthat\u00f3 anyagok kutat\u00e1sa \u00e9s fejleszt\u00e9se (n\u00f6v\u00e9nyi alap\u00fa, biom\u0171anyagok, \u00fajrahasznos\u00edtott tartalm\u00fa anyagok). Az \u00f6kotan\u00fas\u00edtv\u00e1nyok n\u00f6vekv\u0151 jelent\u0151s\u00e9ge (FSC, Cradle to Cradle, Green Seal, B Corp). A cs\u00f6kkentett k\u00f6rnyezeti l\u00e1bnyom el\u0151t\u00e9rbe helyez\u00e9se az elj\u00e1r\u00e1sokban (energia, v\u00edz, sz\u00e9n-dioxid-kibocs\u00e1t\u00e1s).<\/li><li><strong>Hibrid gy\u00e1rt\u00e1si megk\u00f6zel\u00edt\u00e9sek:<\/strong> A j\u00f6v\u0151beli gy\u00e1rt\u00e1s val\u00f3sz\u00edn\u0171leg integr\u00e1lni fogja az addit\u00edv \u00e9s a hagyom\u00e1nyos strat\u00e9gi\u00e1kat, optimaliz\u00e1lva a tervez\u00e9si szabads\u00e1got \u00e9s a teljes\u00edtm\u00e9nyt.<br \/>Szem\u00e9lyre szab\u00e1s nagy l\u00e9pt\u00e9kben: A virtu\u00e1lis nyomtat\u00e1s fejleszt\u00e9sei hihetetlen\u00fcl szem\u00e9lyre szabott gyertyatart\u00f3kat tesznek lehet\u0151v\u00e9 (karakternevek, \u00fczenetek, egyedi mint\u00e1k), ami p\u00e9ld\u00e1tlan \u00fcgyf\u00e9l-elk\u00f6telez\u0151d\u00e9st eredm\u00e9nyez.<\/li><\/ul><p><a href=\"https:\/\/mostebglass.com\/hu\/\">Mosteb sz\u00e1m\u00e1ra<\/a>Ezen \u00faj technol\u00f3gi\u00e1k \u00e9s fenntarthat\u00f3 gyakorlatok alkalmaz\u00e1sa alapvet\u0151 fontoss\u00e1g\u00fa a versenyk\u00e9pess\u00e9g meg\u0151rz\u00e9se \u00e9rdek\u00e9ben. A strat\u00e9giai beruh\u00e1z\u00e1sok az \u00fcveg 3D-s nyomtat\u00e1si K+F-be, a r\u00f6vid gy\u00e1rt\u00e1s\u00fa gy\u00e1rt\u00f3kkal val\u00f3 partners\u00e9gek \u00e9s a k\u00f6rnyezetbar\u00e1t anyagok el\u0151t\u00e9rbe helyez\u00e9se Mostebet j\u00f6v\u0151be mutat\u00f3 vezet\u0151k\u00e9nt fogja m\u0171k\u00f6dtetni.<\/p>\t\t\t\t\t\t\t\t<\/div>\n\t\t\t\t<div class=\"elementor-element elementor-element-b6970e6 elementor-widget elementor-widget-heading\" data-id=\"b6970e6\" data-element_type=\"widget\" data-e-type=\"widget\" data-widget_type=\"heading.default\">\n\t\t\t\t\t<h2 class=\"elementor-heading-title elementor-size-default\">6. K\u00f6vetkeztet\u00e9s \u00e9s strat\u00e9giai aj\u00e1nl\u00e1sok<\/h2>\t\t\t\t<\/div>\n\t\t\t\t<div class=\"elementor-element elementor-element-e064597 elementor-widget elementor-widget-text-editor\" data-id=\"e064597\" data-element_type=\"widget\" data-e-type=\"widget\" data-widget_type=\"text-editor.default\">\n\t\t\t\t\t\t\t\t\t<p>A gyertya\u00fcveg gy\u00e1rt\u00e1s\u00e1nak testreszab\u00e1sa kritikus fontoss\u00e1g\u00fa a m\u00e1rka megk\u00fcl\u00f6nb\u00f6ztet\u00e9se szempontj\u00e1b\u00f3l. A gyertya\u00fcveg er\u0151teljes m\u00e1rkanagyk\u00f6vetk\u00e9nt m\u0171k\u00f6dik, befoly\u00e1solva az \u00e9szlel\u00e9st, a k\u00f6lts\u00e9geket \u00e9s a v\u00e1s\u00e1rl\u00e1si d\u00f6nt\u00e9seket. A testreszab\u00e1s minden egyes l\u00e9p\u00e9se \u2013 anyagok, fel\u00fcletek, form\u00e1k, c\u00edmk\u00e9z\u00e9s \u2013 hozz\u00e1j\u00e1rul egy leny\u0171g\u00f6z\u0151 embl\u00e9ma azonos\u00edt\u00e1s\u00e1hoz. A fejlett gy\u00e1rt\u00e1si technol\u00f3gi\u00e1k, k\u00fcl\u00f6n\u00f6sen a virtu\u00e1lis nyomtat\u00e1s \u00e9s az \u00fcveg 3D-s nyomtat\u00e1sa, folyamatosan nagyobb lehet\u0151s\u00e9geket teremtenek az \u00f6sszetett, kiv\u00e1l\u00f3 min\u0151s\u00e9g\u0171 \u00e9s k\u00f6lts\u00e9ghat\u00e9kony testreszab\u00e1sra, felhatalmazva a Mostebhez hasonl\u00f3 gy\u00e1rt\u00f3kat.<\/p><p>A fejlett testreszab\u00e1s azonban kih\u00edv\u00e1sokkal n\u00e9z szembe: hatalmas el\u0151zetes szersz\u00e1mk\u00f6lts\u00e9gek, hossz\u00fa lead p\u00e9ld\u00e1nysz\u00e1m \u00e9s magas minim\u00e1lis mennyis\u00e9gek, amelyek ar\u00e1nytalanul s\u00fajtj\u00e1k a kisebb m\u00e1rk\u00e1kat. Ezen \u00f6sszetetts\u00e9gek eligazod\u00e1s\u00e1hoz apr\u00f3l\u00e9kos gy\u00e1rt\u00e1si tervekre, innovat\u00edv partners\u00e9gekre \u00e9s a fejl\u0151d\u0151 technol\u00f3gi\u00e1ba val\u00f3 befektet\u00e9sre van sz\u00fcks\u00e9g.<\/p>\t\t\t\t\t\t\t\t<\/div>\n\t\t\t\t<div class=\"elementor-element elementor-element-4321cad elementor-widget elementor-widget-heading\" data-id=\"4321cad\" data-element_type=\"widget\" data-e-type=\"widget\" data-widget_type=\"heading.default\">\n\t\t\t\t\t<h3 class=\"elementor-heading-title elementor-size-default\">6.1. Strat\u00e9giai aj\u00e1nl\u00e1sok gyertyam\u00e1rk\u00e1k sz\u00e1m\u00e1ra<\/h3>\t\t\t\t<\/div>\n\t\t\t\t<div class=\"elementor-element elementor-element-27f1d99 elementor-widget elementor-widget-text-editor\" data-id=\"27f1d99\" data-element_type=\"widget\" data-e-type=\"widget\" data-widget_type=\"text-editor.default\">\n\t\t\t\t\t\t\t\t\t<ul><li><strong>A differenci\u00e1l\u00e1si strat\u00e9gia meghat\u00e1roz\u00e1sa:<\/strong> Vil\u00e1gosan fogalmazd meg a log\u00f3d konkr\u00e9t \u00e9rt\u00e9kaj\u00e1nlat\u00e1t (luxus, fenntarthat\u00f3, k\u00e9zm\u0171ves, t\u00f6megpiaci) a k\u00e9zzel k\u00e9sz\u00edtett sz\u00f6vet, a form\u00e1tum \u00e9s a gy\u00e1rt\u00e1si kieg\u00e9sz\u00edt\u0151k kiv\u00e1laszt\u00e1s\u00e1hoz igaz\u00edtva.<\/li><li><strong>Fektessen be a diz\u00e1jnba \u00e9s a t\u00f6bb \u00e9rz\u00e9kszervet \u00e9rint\u0151 \u00e9lm\u00e9nybe:<\/strong> El\u0151nyben kell r\u00e9szes\u00edteni a mag\u00e1val ragad\u00f3 eszt\u00e9tik\u00e1t, a tapinthat\u00f3 t\u00e9nyez\u0151ket (sima tapint\u00e1s\u00fa fel\u00fcletek, maratott \u00fcveg) \u00e9s az \u00e1ltal\u00e1nos kicsomagol\u00e1si \u00e9lm\u00e9nyt, figyelembe v\u00e9ve az illattal val\u00f3 interakci\u00f3t \u00e9s az \u00e1tlagos \u00e9g\u00e9si teljes\u00edtm\u00e9nyt.<\/li><li><strong>Haszn\u00e1lja ki a digit\u00e1lis nyomtat\u00e1st az agilit\u00e1s \u00e9rdek\u00e9ben:<\/strong> Haszn\u00e1lja ki a k\u00f6zvetlen\u00fcl az \u00fcvegre nyomtatott virtu\u00e1lis nyomtat\u00e1st a probl\u00e9m\u00e1s r\u00e9szletek, az \u00e9l\u00e9nk, teljes sz\u00edn\u0171 k\u00e9pek \u00e9s a gyorsabb \u00e1tfut\u00e1si id\u0151 \u00e9rdek\u00e9ben, rugalmass\u00e1got biztos\u00edtva az id\u00e9nyjelleg\u0171\/korl\u00e1tozott v\u00e1ltozatok \u00e9s az egyedi p\u00e9ld\u00e1nysz\u00e1mok tekintet\u00e9ben.<\/li><li><strong>Proakt\u00edvan kezelje a MOQ kih\u00edv\u00e1sait:<\/strong> \u00c9p\u00edtsen strat\u00e9giai partners\u00e9geket a minim\u00e1lis mennyis\u00e9gek cs\u00f6kkent\u00e9se \u00e9rdek\u00e9ben; eml\u00e9kezzen az egy\u00fcttm\u0171k\u00f6d\u00e9sen alapul\u00f3 beszerz\u00e9sre; alkalmazzon modul\u00e1ris tervez\u00e9st egyedi fel\u00fcletekkel; haszn\u00e1ljon 3D nyomtat\u00e1st a gyors protot\u00edpusgy\u00e1rt\u00e1shoz.<\/li><li><strong>A fenntarthat\u00f3s\u00e1g el\u0151t\u00e9rbe helyez\u00e9se:<\/strong> A szem\u00e9lyre szab\u00e1st hangold \u00f6ssze k\u00f6rnyezetbar\u00e1t gyakorlatokkal: v\u00e1lassz \u00fajrahasznos\u00edtott anyagokat, fedezz fel \u00fajrat\u00f6lthet\u0151 mint\u00e1kat, v\u00e1lassz olyan partnereket, akik elk\u00f6telezettek az energiatakar\u00e9kos, hullad\u00e9kcs\u00f6kkent\u0151 gy\u00e1rt\u00e1s ir\u00e1nt, \u00e9s nyilv\u00e1n\u00edtsd ki a v\u00e9lem\u00e9nyedet.<\/li><li><strong>\u00c9rtsd meg a f\u00f6ldrajzi \u00e1rnyalatokat:<\/strong> A testreszab\u00e1s a k\u00f6zeli lehet\u0151s\u00e9gekhez \u00e9s kultur\u00e1lis kontextusokhoz igaz\u00edthat\u00f3 piackutat\u00e1sok seg\u00edts\u00e9g\u00e9vel, biztos\u00edtva a relevanci\u00e1t \u00e9s az elismerts\u00e9get.<\/li><\/ul>\t\t\t\t\t\t\t\t<\/div>\n\t\t\t\t<div class=\"elementor-element elementor-element-1de465c elementor-widget elementor-widget-heading\" data-id=\"1de465c\" data-element_type=\"widget\" data-e-type=\"widget\" data-widget_type=\"heading.default\">\n\t\t\t\t\t<h3 class=\"elementor-heading-title elementor-size-default\">6.2. Strat\u00e9giai aj\u00e1nl\u00e1sok gyertyatart\u00f3-gy\u00e1rt\u00f3k sz\u00e1m\u00e1ra<\/h3>\t\t\t\t<\/div>\n\t\t\t\t<div class=\"elementor-element elementor-element-4f573a3 elementor-widget elementor-widget-text-editor\" data-id=\"4f573a3\" data-element_type=\"widget\" data-e-type=\"widget\" data-widget_type=\"text-editor.default\">\n\t\t\t\t\t\t\t\t\t<ul><li><strong>Testreszab\u00e1si lehet\u0151s\u00e9gek b\u0151v\u00edt\u00e9se:<\/strong> Fektessen be kiv\u00e1l\u00f3 gy\u00e1rt\u00e1si technol\u00f3gi\u00e1kba: rendk\u00edv\u00fcl prec\u00edz CNC formak\u00e9sz\u00edt\u00e9s, \u00e9lvonalbeli digit\u00e1lis nyomtat\u00e1s \u00e9s bonyolult bevonatfelviteli strukt\u00far\u00e1k.<\/li><li><strong>Innovat\u00edv \u00f6nt\u0151forma anyagok \u00e9s bevonatok:<\/strong> K+F tev\u00e9kenys\u00e9get kell v\u00e9gezni \u00faj, kiv\u00e1l\u00f3 teljes\u00edtm\u00e9ny\u0171 formaanyagok \u00e9s korr\u00f3zi\u00f3\u00e1ll\u00f3 bevonatok kidolgoz\u00e1s\u00e1ra a forma \u00e9lettartam\u00e1nak n\u00f6vel\u00e9se, a hib\u00e1k cs\u00f6kkent\u00e9se \u00e9s a term\u00e9k megjelen\u00e9s\u00e9nek jav\u00edt\u00e1sa \u00e9rdek\u00e9ben.<\/li><li><strong>Rugalmas termel\u00e9si modellek kidolgoz\u00e1sa:<\/strong> A KKV-k ig\u00e9nyeit t\u00f6bbszint\u0171 MOQ rendszerek felt\u00e1r\u00e1s\u00e1val, dedik\u00e1lt protot\u00edpus-aj\u00e1nlatok bemutat\u00e1s\u00e1val, valamint az \u201eig\u00e9ny szerinti \u00fcveg\u201d vagy mikrogy\u00e1rt\u00f3 \u00fczemek modelljeinek vizsg\u00e1lat\u00e1val lehet kiel\u00e9g\u00edteni a dinamikus, k\u00f6lts\u00e9gk\u00edm\u00e9l\u0151 kis t\u00e9tel\u0171 gy\u00e1rt\u00e1s \u00e9rdek\u00e9ben.<\/li><li><strong>A fenntarthat\u00f3 gy\u00e1rt\u00e1s sz\u00f3sz\u00f3l\u00f3ja:<\/strong> Fektessen be olyan m\u00f3dszerekbe, amelyek cs\u00f6kkentik a k\u00f6rnyezeti terhel\u00e9st (energia-, v\u00edz- \u00e9s sz\u00e9n-dioxid-kibocs\u00e1t\u00e1s cs\u00f6kkent\u00e9se), \u00e9s szerezzen k\u00f6rnyezetv\u00e9delmi tan\u00fas\u00edtv\u00e1nyokat (eG, ISO 14001, EcoVadis) az elsz\u00e1moltathat\u00f3s\u00e1g bemutat\u00e1sa \u00e9rdek\u00e9ben.<\/li><li><strong>\u00c1tfog\u00f3 tervez\u00e9st \u00e9s konzult\u00e1ci\u00f3t k\u00edn\u00e1lunk:<\/strong> Pozicion\u00e1lja Mosteb-et strat\u00e9giai partnerk\u00e9nt szak\u00e9rt\u0151i ir\u00e1nymutat\u00e1ssal az anyagig\u00e9nyek, a tervez\u00e9s megval\u00f3s\u00edthat\u00f3s\u00e1ga \u00e9s az \u00e9rt\u00e9kes testreszab\u00e1si lehet\u0151s\u00e9gek ter\u00e9n.<\/li><\/ul>\t\t\t\t\t\t\t\t<\/div>\n\t\t\t\t\t<\/div>\n\t\t\t\t<\/div>\n\t\t\t\t<\/div>","protected":false},"excerpt":{"rendered":"<p>A gyertyatart\u00f3k gy\u00e1rt\u00f3i egyedi \u00fcvegeket, fel\u00fcleteket \u00e9s csomagol\u00e1si megold\u00e1sokat k\u00edn\u00e1lnak, hogy seg\u00edts\u00e9k a m\u00e1rk\u00e1kat az er\u0151sebb megk\u00fcl\u00f6nb\u00f6ztet\u00e9s \u00e9s a pr\u00e9mium pozicion\u00e1l\u00e1s el\u00e9r\u00e9s\u00e9ben.<\/p>","protected":false},"author":3,"featured_media":434,"comment_status":"open","ping_status":"open","sticky":false,"template":"","format":"standard","meta":{"site-sidebar-layout":"default","site-content-layout":"","ast-site-content-layout":"default","site-content-style":"default","site-sidebar-style":"default","ast-global-header-display":"","ast-banner-title-visibility":"","ast-main-header-display":"","ast-hfb-above-header-display":"","ast-hfb-below-header-display":"","ast-hfb-mobile-header-display":"","site-post-title":"","ast-breadcrumbs-content":"","ast-featured-img":"","footer-sml-layout":"","ast-disable-related-posts":"","theme-transparent-header-meta":"","adv-header-id-meta":"","stick-header-meta":"","header-above-stick-meta":"","header-main-stick-meta":"","header-below-stick-meta":"","astra-migrate-meta-layouts":"default","ast-page-background-enabled":"default","ast-page-background-meta":{"desktop":{"background-color":"var(--ast-global-color-5)","background-image":"","background-repeat":"repeat","background-position":"center center","background-size":"auto","background-attachment":"scroll","background-type":"","background-media":"","overlay-type":"","overlay-color":"","overlay-opacity":"","overlay-gradient":""},"tablet":{"background-color":"","background-image":"","background-repeat":"repeat","background-position":"center center","background-size":"auto","background-attachment":"scroll","background-type":"","background-media":"","overlay-type":"","overlay-color":"","overlay-opacity":"","overlay-gradient":""},"mobile":{"background-color":"","background-image":"","background-repeat":"repeat","background-position":"center center","background-size":"auto","background-attachment":"scroll","background-type":"","background-media":"","overlay-type":"","overlay-color":"","overlay-opacity":"","overlay-gradient":""}},"ast-content-background-meta":{"desktop":{"background-color":"var(--ast-global-color-4)","background-image":"","background-repeat":"repeat","background-position":"center center","background-size":"auto","background-attachment":"scroll","background-type":"","background-media":"","overlay-type":"","overlay-color":"","overlay-opacity":"","overlay-gradient":""},"tablet":{"background-color":"var(--ast-global-color-4)","background-image":"","background-repeat":"repeat","background-position":"center center","background-size":"auto","background-attachment":"scroll","background-type":"","background-media":"","overlay-type":"","overlay-color":"","overlay-opacity":"","overlay-gradient":""},"mobile":{"background-color":"var(--ast-global-color-4)","background-image":"","background-repeat":"repeat","background-position":"center center","background-size":"auto","background-attachment":"scroll","background-type":"","background-media":"","overlay-type":"","overlay-color":"","overlay-opacity":"","overlay-gradient":""}},"_jetpack_newsletter_access":"","_jetpack_dont_email_post_to_subs":false,"_jetpack_newsletter_tier_id":0,"_jetpack_memberships_contains_paywalled_content":false,"_jetpack_feature_clip_id":0,"_jetpack_memberships_contains_paid_content":false,"footnotes":"","jetpack_post_was_ever_published":false},"categories":[58,1],"tags":[],"class_list":["post-429","post","type-post","status-publish","format-standard","has-post-thumbnail","hentry","category-blogs","category-blog"],"jetpack_featured_media_url":"https:\/\/mostebglass.com\/wp-content\/uploads\/2025\/08\/candle-jar-manufacturers01.webp","jetpack_sharing_enabled":true,"_links":{"self":[{"href":"https:\/\/mostebglass.com\/hu\/wp-json\/wp\/v2\/posts\/429","targetHints":{"allow":["GET"]}}],"collection":[{"href":"https:\/\/mostebglass.com\/hu\/wp-json\/wp\/v2\/posts"}],"about":[{"href":"https:\/\/mostebglass.com\/hu\/wp-json\/wp\/v2\/types\/post"}],"author":[{"embeddable":true,"href":"https:\/\/mostebglass.com\/hu\/wp-json\/wp\/v2\/users\/3"}],"replies":[{"embeddable":true,"href":"https:\/\/mostebglass.com\/hu\/wp-json\/wp\/v2\/comments?post=429"}],"version-history":[{"count":5,"href":"https:\/\/mostebglass.com\/hu\/wp-json\/wp\/v2\/posts\/429\/revisions"}],"predecessor-version":[{"id":6272,"href":"https:\/\/mostebglass.com\/hu\/wp-json\/wp\/v2\/posts\/429\/revisions\/6272"}],"wp:featuredmedia":[{"embeddable":true,"href":"https:\/\/mostebglass.com\/hu\/wp-json\/wp\/v2\/media\/434"}],"wp:attachment":[{"href":"https:\/\/mostebglass.com\/hu\/wp-json\/wp\/v2\/media?parent=429"}],"wp:term":[{"taxonomy":"category","embeddable":true,"href":"https:\/\/mostebglass.com\/hu\/wp-json\/wp\/v2\/categories?post=429"},{"taxonomy":"post_tag","embeddable":true,"href":"https:\/\/mostebglass.com\/hu\/wp-json\/wp\/v2\/tags?post=429"}],"curies":[{"name":"wp","href":"https:\/\/api.w.org\/{rel}","templated":true}]}}