{"id":4687,"date":"2026-03-10T13:01:48","date_gmt":"2026-03-10T05:01:48","guid":{"rendered":"https:\/\/mostebglass.com\/?p=4687"},"modified":"2026-03-10T13:01:55","modified_gmt":"2026-03-10T05:01:55","slug":"annealed-vs-tempered-glass-for-tealight-holders","status":"publish","type":"post","link":"https:\/\/mostebglass.com\/hu\/annealed-vs-tempered-glass-for-tealight-holders\/","title":{"rendered":"L\u00e1gy\u00edtott vs. edzett \u00fcveg m\u00e9csestart\u00f3khoz"},"content":{"rendered":"<div data-elementor-type=\"wp-post\" data-elementor-id=\"4687\" class=\"elementor elementor-4687\" data-elementor-settings=\"{&quot;ha_cmc_init_switcher&quot;:&quot;no&quot;}\" data-elementor-post-type=\"post\">\n\t\t\t\t<div class=\"elementor-element elementor-element-9453da9 e-flex e-con-boxed e-con e-parent\" data-id=\"9453da9\" data-element_type=\"container\" data-e-type=\"container\" data-settings=\"{&quot;_ha_eqh_enable&quot;:false}\">\n\t\t\t\t\t<div class=\"e-con-inner\">\n\t\t\t\t<div class=\"elementor-element elementor-element-eb189b7 elementor-widget elementor-widget-text-editor\" data-id=\"eb189b7\" data-element_type=\"widget\" data-e-type=\"widget\" data-widget_type=\"text-editor.default\">\n\t\t\t\t\t\t\t\t\t<p>Az eredm\u00e9nyeket a l\u00e1gy\u00edtott \u00e9s az edzett \u00fcveg hat\u00e1rozza meg. Tizen\u00f6t \u00e9ves tapasztalattal rendelkezem gyertyagy\u00e1rakba \u00e9s \u00fcvegell\u00e1t\u00e1si l\u00e1ncokba \u00e1gyazott szolg\u00e1ltat\u00e1sok ter\u00e9n, \u00e9s \u00edme a cs\u00fanya titok: a legt\u00f6bb... <a href=\"https:\/\/mostebglass.com\/hu\/\">m\u00e9csestart\u00f3<\/a> A hib\u00e1k nem a tervez\u00e9ssel, az illatolaj \u00f6sszet\u00e9tel\u00e9vel vagy ak\u00e1r a kan\u00f3c \u00e1tm\u00e9r\u0151j\u00e9vel kapcsolatosak, hanem egyetlen l\u00e9nyeges d\u00f6nt\u00e9ssel, amelyet t\u00f6bb h\u00f3nappal kor\u00e1bban hoztak meg egy h\u00faszperces beszerz\u00e9si megbesz\u00e9l\u00e9snek t\u0171n\u0151 esem\u00e9nyen.<\/p><p>Sz\u00f3val. Melyik \u00fcveg nem olvad el egy gyerty\u00e1ban?<\/p>\t\t\t\t\t\t\t\t<\/div>\n\t\t\t\t<div class=\"elementor-element elementor-element-c876c93 elementor-widget elementor-widget-heading\" data-id=\"c876c93\" data-element_type=\"widget\" data-e-type=\"widget\" data-widget_type=\"heading.default\">\n\t\t\t\t\t<h2 class=\"elementor-heading-title elementor-size-default\">1. Az ipar\u00e1gi val\u00f3s\u00e1g, amit senki sem mond ki hangosan<\/h2>\t\t\t\t<\/div>\n\t\t\t\t<div class=\"elementor-element elementor-element-26a8229 elementor-widget elementor-widget-text-editor\" data-id=\"26a8229\" data-element_type=\"widget\" data-e-type=\"widget\" data-widget_type=\"text-editor.default\">\n\t\t\t\t\t\t\t\t\t<p>A l\u00e1gy\u00edtott \u00fcveg domin\u00e1l.<\/p><p>A l\u00e1gy\u00fcveg gy\u00e1rt\u00e1si folyamat\u00e1nak egyszer\u0171s\u00e9ge miatt v\u00e1lasztott\u00e1k, mivel az olvadt n\u00e1trium-m\u00e9sz\u00fcveg (SiO2 =72%, Na2O =14%, CaO =10%) lassan megszil\u00e1rdul a l\u00e1gy\u00edt\u00f3kemenc\u00e9ben k\u00f6r\u00fclbel\u00fcl 540-600 \u00b0C-on t\u00f6rt\u00e9n\u0151 h\u0171t\u00e9ssel, kik\u00fcsz\u00f6b\u00f6lve a bels\u0151 fesz\u00fclts\u00e9get. Olcs\u00f3. Kisz\u00e1m\u00edthat\u00f3. Gyors.<\/p><p>A h\u0151 azonban megv\u00e1ltoztatja az egyenletet.<\/p><p>A m\u00e9cses l\u00e1ngja a kan\u00f3cn\u00e1l 800-1000 \u00b0C-ig \u00e9g, m\u00edg a burkolat fel\u00fclete 120-250 \u00b0C k\u00f6z\u00f6tt h\u0171l le, a falak vastags\u00e1g\u00e1t\u00f3l \u00e9s a l\u00e9g\u00e1raml\u00e1st\u00f3l f\u00fcgg\u0151en. Ekkor j\u00f6n l\u00e9tre a k\u00fcl\u00f6nbs\u00e9g a l\u00e1gy\u00edtott \u00e9s az edzett \u00fcveg k\u00f6z\u00f6tt.<\/p><p>40-60 Celsius-fok k\u00fcl\u00f6nbs\u00e9g eset\u00e9n a l\u00e1gy\u00edtott \u00fcveg h\u0151sokk hat\u00e1s\u00e1ra elt\u00f6rik.<\/p><p>Edzett \u00fcveg? Gyakran 200\u00b0C+ h\u0151m\u00e9rs\u00e9kletet is elvisel.<\/p><p>Ez nem marketing sz\u00f6veg. Ez fizika.<\/p><p>\u00c9s \u2013 tan\u00faja voltam az eredm\u00e9nyeknek.<\/p><p>2024-ben az Egyes\u00fclt \u00c1llamok Fogyaszt\u00f3i Term\u00e9kbiztons\u00e1gi Bizotts\u00e1ga (US Consumer Product Safety Commission) sz\u00e1mos visszah\u00edv\u00e1st regisztr\u00e1lt a h\u0151fesz\u00fclts\u00e9g miatt megrepedt gyertyatart\u00f3k miatt. Erre p\u00e9lda volt t\u00f6bb mint 1 milli\u00f3 gyertya visszah\u00edv\u00e1sa t\u0171zvesz\u00e9ly miatt, amint azt az Egyes\u00fclt \u00c1llamok Fogyaszt\u00f3i Term\u00e9kbiztons\u00e1gi Bizotts\u00e1ga egy korm\u00e1nyzati visszah\u00edv\u00e1si \u00e9rtes\u00edt\u00e9sben is k\u00f6z\u00f6lte.<\/p><p>A ravasz?<\/p><p>Kont\u00e9ner meghib\u00e1sod\u00e1sa.<\/p><p>Nem illatanyag. Nem kan\u00f3c.<\/p><p>\u00dcveg.<\/p>\t\t\t\t\t\t\t\t<\/div>\n\t\t\t\t<div class=\"elementor-element elementor-element-b81205c elementor-widget elementor-widget-heading\" data-id=\"b81205c\" data-element_type=\"widget\" data-e-type=\"widget\" data-widget_type=\"heading.default\">\n\t\t\t\t\t<h2 class=\"elementor-heading-title elementor-size-default\">2. L\u00e1gy\u00edtott \u00fcveg: Olcs\u00f3, rugalmas, kock\u00e1zatos<\/h2>\t\t\t\t<\/div>\n\t\t\t\t<div class=\"elementor-element elementor-element-12e907d elementor-widget elementor-widget-text-editor\" data-id=\"12e907d\" data-element_type=\"widget\" data-e-type=\"widget\" data-widget_type=\"text-editor.default\">\n\t\t\t\t\t\t\t\t\t<p>R\u00f6vid mondat. Mindenhol ott van.<\/p><p>A nagy r\u00e9sze <a href=\"https:\/\/mostebglass.com\/hu\/uveg-gyertya-uvegek\/\">dekorat\u00edv m\u00e9csestart\u00f3k<\/a> A vil\u00e1gpiacon kaphat\u00f3k l\u00e1gy\u00edtott \u00fcveggel m\u0171k\u00f6dnek, mivel k\u00f6nnyen hajl\u00edthat\u00f3k v\u00e9kony form\u00e1kk\u00e1, dombornyomhat\u00f3k mint\u00e1kk\u00e1, vagy ak\u00e1r nagy d\u00edsz\u00edt\u0151 t\u00e9telek is kialak\u00edthat\u00f3k m\u00e1sodlagos feldolgoz\u00e1s n\u00e9lk\u00fcl.<\/p><p>Azonban itt van a kompromisszum, amir\u0151l a beszerz\u00e9sben senki sem fog sz\u00edvesen besz\u00e9lni.<\/p><p>A l\u00e1gy\u00edtott \u00fcveg t\u00f6r\u00e9se eset\u00e9n nagy, \u00e9les szil\u00e1nkokra t\u00f6rik.<\/p><p>Ez jogilag sz\u00e1m\u00edt.<\/p><p>Egy, a Reuters h\u00edr\u00fcgyn\u00f6ks\u00e9g \u00e1ltal jelentett gyertyatart\u00f3 felrobban\u00e1s\u00e1t k\u00f6vet\u0151 term\u00e9kfelel\u0151ss\u00e9gi \u00fcgyben a term\u00e9kfelel\u0151ss\u00e9gi \u00fcgyv\u00e9dek ism\u00e9telten az anyagv\u00e1laszt\u00e1st eml\u00edtett\u00e9k a tart\u00f3 t\u00f6r\u00e9s\u00e9hez \u00e9s s\u00e9r\u00fcl\u00e9sekhez vezet\u0151 t\u00e9nyez\u0151k egyikek\u00e9nt.<\/p><p>\u00e9s az \u00fcgyv\u00e9dek csod\u00e1lj\u00e1k a fizikai bizonyoss\u00e1got.<\/p>\t\t\t\t\t\t\t\t<\/div>\n\t\t\t\t<div class=\"elementor-element elementor-element-cdc3613 elementor-widget elementor-widget-image\" data-id=\"cdc3613\" data-element_type=\"widget\" data-e-type=\"widget\" data-widget_type=\"image.default\">\n\t\t\t\t\t\t\t\t\t\t\t\t\t\t\t<img fetchpriority=\"high\" decoding=\"async\" width=\"1000\" height=\"750\" src=\"https:\/\/mostebglass.com\/wp-content\/uploads\/2026\/03\/annealed-vs-tempered-glass-03.webp\" class=\"attachment-full size-full wp-image-4693\" alt=\"l\u00e1gy\u00edtott vs. edzett \u00fcveg\" srcset=\"https:\/\/mostebglass.com\/wp-content\/uploads\/2026\/03\/annealed-vs-tempered-glass-03.webp 1000w, https:\/\/mostebglass.com\/wp-content\/uploads\/2026\/03\/annealed-vs-tempered-glass-03-768x576.webp 768w, https:\/\/mostebglass.com\/wp-content\/uploads\/2026\/03\/annealed-vs-tempered-glass-03-16x12.webp 16w, https:\/\/mostebglass.com\/wp-content\/uploads\/2026\/03\/annealed-vs-tempered-glass-03-600x450.webp 600w\" sizes=\"(max-width: 1000px) 100vw, 1000px\" \/>\t\t\t\t\t\t\t\t\t\t\t\t\t\t\t<\/div>\n\t\t\t\t<div class=\"elementor-element elementor-element-be8dc60 elementor-widget elementor-widget-heading\" data-id=\"be8dc60\" data-element_type=\"widget\" data-e-type=\"widget\" data-widget_type=\"heading.default\">\n\t\t\t\t\t<h2 class=\"elementor-heading-title elementor-size-default\">3. Edzett \u00fcveg: A biztons\u00e1gi fejleszt\u00e9s<\/h2>\t\t\t\t<\/div>\n\t\t\t\t<div class=\"elementor-element elementor-element-12f3405 elementor-widget elementor-widget-text-editor\" data-id=\"12f3405\" data-element_type=\"widget\" data-e-type=\"widget\" data-widget_type=\"text-editor.default\">\n\t\t\t\t\t\t\t\t\t<p>Most a m\u00e1sik oldal.<\/p><p>Az edzett \u00fcveg egyszer\u0171en h\u0151kezelt \u00fcveg, amelyet k\u00f6r\u00fclbel\u00fcl 620-650 Celsius-fokra meleg\u00edtenek fel, majd nagynyom\u00e1s\u00fa leveg\u0151vel f\u00fajj\u00e1k \u00e1t, hogy nagyon gyorsan leh\u0171lj\u00f6n.<\/p><p>Eredm\u00e9ny?<\/p><p>Fel\u00fcleti \u00f6sszenyom\u00f3d\u00e1s.<\/p><p>Bels\u0151 fesz\u00fclts\u00e9g.<\/p><p>Ami biztons\u00e1gi jellemz\u0151ket biztos\u00edt az edzett \u00fcveggel, \u00fagynevezett:<\/p><p>4-5-sz\u00f6r er\u0151sebb mechanikailag Sokkal nagyobb a h\u0151sokk Tov\u00e1bbi t\u00f6r\u00e9sek apr\u00f3 szemcs\u00e9s r\u00e9szecsk\u00e9kk\u00e9, nem pedig peng\u00e9kre.<\/p><p>De van egy b\u00f6kken\u0151.<\/p><p>A tervez\u00e9si szabads\u00e1got a megereszt\u00e9s korl\u00e1tozza.<\/p><p>V\u00e9kony dombornyom\u00e1si mint\u00e1k? Neh\u00e9z. Komplex d\u00edsz\u00edt\u0151 form\u00e1k? Kock\u00e1zatos. Ultrav\u00e9kony falak? Gyakran lehetetlen.<\/p><p>Teh\u00e1t az ipar\u00e1gi kompromisszum megism\u00e9tl\u0151dik.<\/p><p>Dekor\u00e1ci\u00f3 kontra biztons\u00e1g.<\/p>\t\t\t\t\t\t\t\t<\/div>\n\t\t\t\t<div class=\"elementor-element elementor-element-23cfd6f elementor-widget elementor-widget-heading\" data-id=\"23cfd6f\" data-element_type=\"widget\" data-e-type=\"widget\" data-widget_type=\"heading.default\">\n\t\t\t\t\t<h2 class=\"elementor-heading-title elementor-size-default\">4. Mire haszn\u00e1lj\u00e1k az edzett \u00fcveget a gyerty\u00e1kban?<\/h2>\t\t\t\t<\/div>\n\t\t\t\t<div class=\"elementor-element elementor-element-9776cb0 elementor-widget elementor-widget-text-editor\" data-id=\"9776cb0\" data-element_type=\"widget\" data-e-type=\"widget\" data-widget_type=\"text-editor.default\">\n\t\t\t\t\t\t\t\t\t<p>Legy\u00fcnk \u0151szint\u00e9k.<\/p><p>Pr\u00e9mium gyerty\u00e1k.<\/p><p>Nagy t\u00e1rol\u00f3ed\u00e9nyek. T\u00f6bb kan\u00f3cos \u00fcvegek. K\u00fclt\u00e9ri gyertyal\u00e1mp\u00e1sok.<\/p><p>A Statista \u00e1ltal dokument\u00e1lt piaci statisztik\u00e1k alapj\u00e1n a nemzetk\u00f6zi gyertyapiac \u00e9rt\u00e9ke 2024-ben meghaladta a 13 milli\u00e1rd doll\u00e1rt, \u00e9s a pr\u00e9mium szegmens, ahol a fogyaszt\u00f3k \u00fagy v\u00e9lik, hogy biztons\u00e1gosabb csomagol\u00e1st v\u00e1s\u00e1rolnak, a legink\u00e1bb n\u00f6vekv\u0151 kateg\u00f3ria.<\/p><p>Az edzett \u00fcveg gyakorlatilag mindig szerepel ezekben a m\u00e1rk\u00e1kban.<\/p><p>Nem az\u00e9rt, mert jobban n\u00e9z ki.<\/p><p>Mert a perek t\u00f6bbe ker\u00fclnek, mint az \u00fcveg.<\/p>\t\t\t\t\t\t\t\t<\/div>\n\t\t\t\t<div class=\"elementor-element elementor-element-1f1e1e4 elementor-widget elementor-widget-image\" data-id=\"1f1e1e4\" data-element_type=\"widget\" data-e-type=\"widget\" data-widget_type=\"image.default\">\n\t\t\t\t\t\t\t\t\t\t\t\t\t\t\t<img decoding=\"async\" width=\"1000\" height=\"750\" src=\"https:\/\/mostebglass.com\/wp-content\/uploads\/2026\/03\/annealed-vs-tempered-glass-01.webp\" class=\"attachment-full size-full wp-image-4695\" alt=\"l\u00e1gy\u00edtott vs. edzett \u00fcveg\" srcset=\"https:\/\/mostebglass.com\/wp-content\/uploads\/2026\/03\/annealed-vs-tempered-glass-01.webp 1000w, https:\/\/mostebglass.com\/wp-content\/uploads\/2026\/03\/annealed-vs-tempered-glass-01-768x576.webp 768w, https:\/\/mostebglass.com\/wp-content\/uploads\/2026\/03\/annealed-vs-tempered-glass-01-16x12.webp 16w, https:\/\/mostebglass.com\/wp-content\/uploads\/2026\/03\/annealed-vs-tempered-glass-01-600x450.webp 600w\" sizes=\"(max-width: 1000px) 100vw, 1000px\" \/>\t\t\t\t\t\t\t\t\t\t\t\t\t\t\t<\/div>\n\t\t\t\t<div class=\"elementor-element elementor-element-505b497 elementor-widget elementor-widget-heading\" data-id=\"505b497\" data-element_type=\"widget\" data-e-type=\"widget\" data-widget_type=\"heading.default\">\n\t\t\t\t\t<h2 class=\"elementor-heading-title elementor-size-default\">5. Kem\u00e9ny adatok: \u00d6sszehasonl\u00edt\u00e1s<\/h2>\t\t\t\t<\/div>\n\t\t\t\t<div class=\"elementor-element elementor-element-0542ce5 elementor-widget elementor-widget-text-editor\" data-id=\"0542ce5\" data-element_type=\"widget\" data-e-type=\"widget\" data-widget_type=\"text-editor.default\">\n\t\t\t\t\t\t\t\t\t<table style=\"border-collapse: collapse; width: 100%;\" border=\"0\" width=\"216\" cellspacing=\"0\" cellpadding=\"0\"><tbody><tr style=\"height: 13.50pt;\"><td style=\"height: 13.50pt; width: 54.00pt;\" width=\"72\" height=\"18\">Ingatlan<\/td><td style=\"width: 54.00pt;\" width=\"72\">L\u00e1gy\u00edtott \u00fcveg<\/td><td style=\"width: 54.00pt;\" width=\"72\">Edzett \u00fcveg<\/td><\/tr><tr style=\"height: 13.50pt;\"><td style=\"height: 13.50pt;\" height=\"18\">Gy\u00e1rt\u00e1si m\u00f3dszer<\/td><td>Lass\u00fa h\u0171t\u00e9s h\u0151kever\u0151 h\u0171t\u0151n kereszt\u00fcl<\/td><td>\u00dajrameleg\u00edtve, majd gyorsan leveg\u0151n leh\u0171tve<\/td><\/tr><tr style=\"height: 13.50pt;\"><td style=\"height: 13.50pt;\" height=\"18\">H\u0151sokk-\u00e1ll\u00f3s\u00e1g<\/td><td>~40\u201360 \u00b0C<\/td><td>Ak\u00e1r ~200 \u00b0C-ig<\/td><\/tr><tr style=\"height: 13.50pt;\"><td style=\"height: 13.50pt;\" height=\"18\">Mechanikai szil\u00e1rds\u00e1g<\/td><td>Alapvonal<\/td><td>~4\u20135\u00d7 er\u0151sebb<\/td><\/tr><tr style=\"height: 13.50pt;\"><td style=\"height: 13.50pt;\" height=\"18\">T\u00f6r\u00e9si minta<\/td><td>Nagy, \u00e9les szil\u00e1nkok<\/td><td>Kis szemcs\u00e9s t\u00f6red\u00e9kek<\/td><\/tr><tr style=\"height: 13.50pt;\"><td style=\"height: 13.50pt;\" height=\"18\">K\u00f6lts\u00e9g<\/td><td>Alacsonyabb<\/td><td>20\u201340%-kal magasabb<\/td><\/tr><tr style=\"height: 13.50pt;\"><td style=\"height: 13.50pt;\" height=\"18\">Rugalmas tervez\u00e9s<\/td><td>Kiv\u00e1l\u00f3<\/td><td>Korl\u00e1tozott megereszt\u00e9s ut\u00e1n<\/td><\/tr><tr style=\"height: 13.50pt;\"><td style=\"height: 13.50pt;\" height=\"18\">Tipikus haszn\u00e1lat<\/td><td>Dekorat\u00edv tart\u00f3k, olcs\u00f3 team\u00e9csesek<\/td><td>Pr\u00e9mium vagy biztons\u00e1gra \u00f6sszpontos\u00edt\u00f3 gyertyatart\u00f3k<\/td><\/tr><\/tbody><\/table><p data-start=\"4787\" data-end=\"4800\">Egy mondat \u2013 A fizika gy\u0151z.<\/p>\t\t\t\t\t\t\t\t<\/div>\n\t\t\t\t<div class=\"elementor-element elementor-element-0f2a28d elementor-widget elementor-widget-heading\" data-id=\"0f2a28d\" data-element_type=\"widget\" data-e-type=\"widget\" data-widget_type=\"heading.default\">\n\t\t\t\t\t<h2 class=\"elementor-heading-title elementor-size-default\">6. A legjobb poh\u00e1r m\u00e9csestart\u00f3khoz (az \u0151szinte v\u00e1lasz)<\/h2>\t\t\t\t<\/div>\n\t\t\t\t<div class=\"elementor-element elementor-element-d662b2d elementor-widget elementor-widget-text-editor\" data-id=\"d662b2d\" data-element_type=\"widget\" data-e-type=\"widget\" data-widget_type=\"text-editor.default\">\n\t\t\t\t\t\t\t\t\t<p>Az emberek egyetlen v\u00e1laszt akarnak.<\/p><p>Nincs egy sem.<\/p><p>A l\u00e1gy\u00edtott \u00fcveg gyakran j\u00f3l m\u0171k\u00f6dik, ha szezon\u00e1lisan gy\u00e1rtasz olcs\u00f3 d\u00edszes m\u00e9cseseket, ahol a falvastags\u00e1g legal\u00e1bb 2,5-3 mm, \u00e9s a l\u00e1ngt\u00e1vols\u00e1g is megfelel\u0151.<\/p><p>De ha te gy\u00e1rtod:<\/p><p>nagy mennyis\u00e9g\u0171 export luxus gyerty\u00e1k nagy \u00e1tm\u00e9r\u0151j\u0171 team\u00e9csesek vend\u00e9gl\u00e1t\u00f3ipari gyerty\u00e1k (\u00e9ttermek, sz\u00e1llod\u00e1k)<\/p><p>Az edzett \u00fcveg biztons\u00e1gosabb.<\/p><p>\u00c9s a szab\u00e1lyoz\u00f3 hat\u00f3s\u00e1gok mind ugyanarra a v\u00e9lem\u00e9nyre jutnak.<\/p><p>Egyedileg a gyertyat\u0171ztart\u00f3kra vonatkoz\u00f3 eur\u00f3pai EN 15493 t\u0171zv\u00e9delmi szabv\u00e1nyok azt sugallj\u00e1k, hogy a tart\u00e1ly anyag\u00e1nak k\u00e9pesnek kell lennie arra, hogy t\u00f6r\u00e9s n\u00e9lk\u00fcl ellen\u00e1lljon az ism\u00e9tl\u0151d\u0151 h\u0151ciklusoknak \u2013 sok v\u00e9kony, l\u00e1gy\u00edtott tart\u00f3 erre nem k\u00e9pes.<\/p>\t\t\t\t\t\t\t\t<\/div>\n\t\t\t\t<div class=\"elementor-element elementor-element-3459412 elementor-widget elementor-widget-heading\" data-id=\"3459412\" data-element_type=\"widget\" data-e-type=\"widget\" data-widget_type=\"heading.default\">\n\t\t\t\t\t<h2 class=\"elementor-heading-title elementor-size-default\">7. Hogyan v\u00e1lasszunk \u00fcvegt\u00edpusokat m\u00e9csesk\u00e9sz\u00edt\u00e9shez<\/h2>\t\t\t\t<\/div>\n\t\t\t\t<div class=\"elementor-element elementor-element-a2541d5 elementor-widget elementor-widget-text-editor\" data-id=\"a2541d5\" data-element_type=\"widget\" data-e-type=\"widget\" data-widget_type=\"text-editor.default\">\n\t\t\t\t\t\t\t\t\t<p>Tegy\u00e9l fel h\u00e1rom k\u00e9rd\u00e9st:<\/p><ul><li>Milyen h\u0151m\u00e9rs\u00e9klet\u0171 lesz a tart\u00e1ly? A t\u00f6bb kan\u00f3cos m\u00e9cses sokkal t\u00f6bb h\u0151t \u00e9get, mint a team\u00e9csesek.<\/li><li>Milyen v\u00e9kony az \u00fcveg? 2,5 mm vastags\u00e1g alatt a l\u00e1gy\u00edtott \u00fcveg nagy kock\u00e1zatoknak van kit\u00e9ve.<\/li><li>Hol fogj\u00e1k \u00e1rulni a gyerty\u00e1t? Az Egyes\u00fclt \u00c1llamok \u00e9s az EU term\u00e9kfelel\u0151ss\u00e9gi szab\u00e1lyoz\u00e1sa rendk\u00edv\u00fcl k\u00f6ny\u00f6rtelen a felt\u00f6rekv\u0151 piacokhoz k\u00e9pest.<\/li><\/ul><p>Ezeket a k\u00e9rd\u00e9seket figyelmen k\u00edv\u00fcl hagyhatod, \u00e9s akkor nem gyerty\u00e1kat k\u00e9sz\u00edtesz. Szerencsej\u00e1t\u00e9kot j\u00e1tssz.<\/p>\t\t\t\t\t\t\t\t<\/div>\n\t\t\t\t<div class=\"elementor-element elementor-element-45ec1df elementor-widget elementor-widget-image\" data-id=\"45ec1df\" data-element_type=\"widget\" data-e-type=\"widget\" data-widget_type=\"image.default\">\n\t\t\t\t\t\t\t\t\t\t\t\t\t\t\t<img decoding=\"async\" width=\"1000\" height=\"750\" src=\"https:\/\/mostebglass.com\/wp-content\/uploads\/2026\/03\/annealed-vs-tempered-glass-02.webp\" class=\"attachment-full size-full wp-image-4696\" alt=\"l\u00e1gy\u00edtott vs. edzett \u00fcveg\" srcset=\"https:\/\/mostebglass.com\/wp-content\/uploads\/2026\/03\/annealed-vs-tempered-glass-02.webp 1000w, https:\/\/mostebglass.com\/wp-content\/uploads\/2026\/03\/annealed-vs-tempered-glass-02-768x576.webp 768w, https:\/\/mostebglass.com\/wp-content\/uploads\/2026\/03\/annealed-vs-tempered-glass-02-16x12.webp 16w, https:\/\/mostebglass.com\/wp-content\/uploads\/2026\/03\/annealed-vs-tempered-glass-02-600x450.webp 600w\" sizes=\"(max-width: 1000px) 100vw, 1000px\" \/>\t\t\t\t\t\t\t\t\t\t\t\t\t\t\t<\/div>\n\t\t\t\t<div class=\"elementor-element elementor-element-6b1f69d elementor-widget elementor-widget-heading\" data-id=\"6b1f69d\" data-element_type=\"widget\" data-e-type=\"widget\" data-widget_type=\"heading.default\">\n\t\t\t\t\t<h2 class=\"elementor-heading-title elementor-size-default\">8. Az edzett \u00fcveg szinonim\u00e1i a lakberendez\u00e9sben<\/h2>\t\t\t\t<\/div>\n\t\t\t\t<div class=\"elementor-element elementor-element-6ed5f18 elementor-widget elementor-widget-text-editor\" data-id=\"6ed5f18\" data-element_type=\"widget\" data-e-type=\"widget\" data-widget_type=\"text-editor.default\">\n\t\t\t\t\t\t\t\t\t<p>Ehelyett ezt \u00edrj\u00e1k:<\/p><p>edzett \u00fcveg, biztons\u00e1gi \u00fcveg, h\u0151\u00e1ll\u00f3 \u00fcveg, h\u0151vel er\u0151s\u00edtett \u00fcvegek.<\/p><p>Ugyanaz az anyag \u2013 m\u00e1s marketing.<\/p>\t\t\t\t\t\t\t\t<\/div>\n\t\t\t\t<div class=\"elementor-element elementor-element-175aeb9 elementor-widget elementor-widget-heading\" data-id=\"175aeb9\" data-element_type=\"widget\" data-e-type=\"widget\" data-widget_type=\"heading.default\">\n\t\t\t\t\t<h2 class=\"elementor-heading-title elementor-size-default\">GYIK<\/h2>\t\t\t\t<\/div>\n\t\t\t\t<div class=\"elementor-element elementor-element-92c7c06 elementor-widget elementor-widget-heading\" data-id=\"92c7c06\" data-element_type=\"widget\" data-e-type=\"widget\" data-widget_type=\"heading.default\">\n\t\t\t\t\t<h3 class=\"elementor-heading-title elementor-size-default\">1. Mi a k\u00fcl\u00f6nbs\u00e9g a l\u00e1gy\u00edtott \u00e9s az edzett \u00fcveg k\u00f6z\u00f6tt?<\/h3>\t\t\t\t<\/div>\n\t\t\t\t<div class=\"elementor-element elementor-element-84a5988 elementor-widget elementor-widget-text-editor\" data-id=\"84a5988\" data-element_type=\"widget\" data-e-type=\"widget\" data-widget_type=\"text-editor.default\">\n\t\t\t\t\t\t\t\t\t<p>A l\u00e1gy\u00edtott \u00e9s az edzett \u00fcveg k\u00e9t \u00fcvegfeldolgoz\u00e1si elj\u00e1r\u00e1s \u00f6sszehasonl\u00edt\u00e1sa, amelyek sor\u00e1n a l\u00e1gy\u00edtott \u00fcveget a form\u00e1z\u00e1s ut\u00e1n fokozatosan hagyj\u00e1k leh\u0171lni, majd az edzett \u00fcveget ism\u00e9t k\u00f6r\u00fclbel\u00fcl 620 \u00b0C-ra hev\u00edtik, \u00e9s leveg\u0151n edzik, \u00edgy pr\u00e9selt k\u00fcls\u0151 fel\u00fcleteket hoznak l\u00e9tre, amelyek nagym\u00e9rt\u00e9kben n\u00f6velik a szil\u00e1rds\u00e1got, a h\u0151\u00e1ll\u00f3s\u00e1got \u00e9s a biztons\u00e1gosabb t\u00f6r\u00e9si viselked\u00e9st.<\/p>\t\t\t\t\t\t\t\t<\/div>\n\t\t\t\t<div class=\"elementor-element elementor-element-95c4f70 elementor-widget elementor-widget-heading\" data-id=\"95c4f70\" data-element_type=\"widget\" data-e-type=\"widget\" data-widget_type=\"heading.default\">\n\t\t\t\t\t<h3 class=\"elementor-heading-title elementor-size-default\">2. Melyik a legjobb poh\u00e1r m\u00e9csestart\u00f3ba?<\/h3>\t\t\t\t<\/div>\n\t\t\t\t<div class=\"elementor-element elementor-element-74d5744 elementor-widget elementor-widget-text-editor\" data-id=\"74d5744\" data-element_type=\"widget\" data-e-type=\"widget\" data-widget_type=\"text-editor.default\">\n\t\t\t\t\t\t\t\t\t<p>A m\u00e9csesekhez haszn\u00e1lt \u00fcveg a biztons\u00e1gi t\u00e9nyez\u0151t\u0151l \u00e9s a kialak\u00edt\u00e1st\u00f3l f\u00fcgg\u0151en v\u00e1ltozhat, de \u00e1ltal\u00e1ban edzett \u00fcveget haszn\u00e1lnak, mivel az nagyobb h\u0151sokkot \u00e9s gyertya-h\u0151ciklusokat (150 Celsius-fok felett) b\u00edr ki, mint a norm\u00e1l \u00fcveg, \u00e9s t\u00f6r\u00e9s eset\u00e9n kisebb szemcs\u00e9kre, nem pedig \u00e9les t\u00e1rgyakra t\u00f6rik.<\/p>\t\t\t\t\t\t\t\t<\/div>\n\t\t\t\t<div class=\"elementor-element elementor-element-a2de836 elementor-widget elementor-widget-heading\" data-id=\"a2de836\" data-element_type=\"widget\" data-e-type=\"widget\" data-widget_type=\"heading.default\">\n\t\t\t\t\t<h3 class=\"elementor-heading-title elementor-size-default\">3. H\u0151\u00e1ll\u00f3ak az edzett \u00fcvegb\u0151l k\u00e9sz\u00fclt gyertyatart\u00f3k?<\/h3>\t\t\t\t<\/div>\n\t\t\t\t<div class=\"elementor-element elementor-element-d551ddd elementor-widget elementor-widget-text-editor\" data-id=\"d551ddd\" data-element_type=\"widget\" data-e-type=\"widget\" data-widget_type=\"text-editor.default\">\n\t\t\t\t\t\t\t\t\t<p>Ennek az az oka, hogy az \u00fcveg k\u00fcls\u0151 fel\u00fcleti h\u0151m\u00e9rs\u00e9klete h\u0151\u00e1ll\u00f3v\u00e1 v\u00e1lik a h\u0151kezel\u00e9si folyamat eredm\u00e9nyek\u00e9nt, amelynek sor\u00e1n az anyagot \u00f6sszenyomj\u00e1k, \u00e9s a tart\u00e1ly ak\u00e1r k\u00f6r\u00fclbel\u00fcl 200 Celsius-fokos h\u0151m\u00e9rs\u00e9kletk\u00fcl\u00f6nbs\u00e9get is k\u00e9pes elviselni reped\u00e9s n\u00e9lk\u00fcl, sokkal jobban, mint az \u00fcveg gyertyatart\u00f3k eset\u00e9ben a h\u0151m\u00e9rs\u00e9klet-ingadoz\u00e1sok miatti meghib\u00e1sod\u00e1s.<\/p>\t\t\t\t\t\t\t\t<\/div>\n\t\t\t\t<div class=\"elementor-element elementor-element-526c454 elementor-widget elementor-widget-heading\" data-id=\"526c454\" data-element_type=\"widget\" data-e-type=\"widget\" data-widget_type=\"heading.default\">\n\t\t\t\t\t<h3 class=\"elementor-heading-title elementor-size-default\">4. Nem biztons\u00e1gos a l\u00e1gy\u00edtott \u00fcveg gyerty\u00e1khoz?<\/h3>\t\t\t\t<\/div>\n\t\t\t\t<div class=\"elementor-element elementor-element-5e7b1ba elementor-widget elementor-widget-text-editor\" data-id=\"5e7b1ba\" data-element_type=\"widget\" data-e-type=\"widget\" data-widget_type=\"text-editor.default\">\n\t\t\t\t\t\t\t\t\t<p>A l\u00e1gy\u00edtott \u00fcveg nem felt\u00e9tlen\u00fcl vesz\u00e9lyes a gyerty\u00e1kra, de v\u00e9kony tart\u00f3kban, t\u00f6bb kan\u00f3cos kialak\u00edt\u00e1sban vagy nem megfelel\u0151en szell\u0151z\u0151 tart\u00f3kban m\u00e1r nem lenne biztons\u00e1gos, mivel sokkal korl\u00e1tozottabban k\u00e9pes ellen\u00e1llni a h\u0151sokknak, mint az edzett \u00fcveg, \u00e9s a reped\u00e9sek vagy t\u00f6r\u00e9sek val\u00f3sz\u00edn\u0171bbek a gyakori meleg\u00edt\u00e9si ciklusok sor\u00e1n.<\/p>\t\t\t\t\t\t\t\t<\/div>\n\t\t\t\t\t<\/div>\n\t\t\t\t<\/div>\n\t\t\t\t<\/div>","protected":false},"excerpt":{"rendered":"<p>L\u00e1gy\u00edtott \u00e9s edzett \u00fcveg m\u00e9csestart\u00f3khoz \u2013 hasonl\u00edtsa \u00f6ssze a biztons\u00e1got, a h\u0151\u00e1ll\u00f3s\u00e1got \u00e9s a k\u00f6lts\u00e9geket, hogy kiv\u00e1lassza a legjobb \u00fcveget m\u00e9csesk\u00e9sz\u00edt\u00e9shez.<\/p>","protected":false},"author":3,"featured_media":4693,"comment_status":"closed","ping_status":"open","sticky":false,"template":"","format":"standard","meta":{"site-sidebar-layout":"default","site-content-layout":"","ast-site-content-layout":"default","site-content-style":"default","site-sidebar-style":"default","ast-global-header-display":"","ast-banner-title-visibility":"","ast-main-header-display":"","ast-hfb-above-header-display":"","ast-hfb-below-header-display":"","ast-hfb-mobile-header-display":"","site-post-title":"","ast-breadcrumbs-content":"","ast-featured-img":"","footer-sml-layout":"","theme-transparent-header-meta":"","adv-header-id-meta":"","stick-header-meta":"","header-above-stick-meta":"","header-main-stick-meta":"","header-below-stick-meta":"","astra-migrate-meta-layouts":"default","ast-page-background-enabled":"default","ast-page-background-meta":{"desktop":{"background-color":"var(--ast-global-color-5)","background-image":"","background-repeat":"repeat","background-position":"center center","background-size":"auto","background-attachment":"scroll","background-type":"","background-media":"","overlay-type":"","overlay-color":"","overlay-opacity":"","overlay-gradient":""},"tablet":{"background-color":"","background-image":"","background-repeat":"repeat","background-position":"center center","background-size":"auto","background-attachment":"scroll","background-type":"","background-media":"","overlay-type":"","overlay-color":"","overlay-opacity":"","overlay-gradient":""},"mobile":{"background-color":"","background-image":"","background-repeat":"repeat","background-position":"center center","background-size":"auto","background-attachment":"scroll","background-type":"","background-media":"","overlay-type":"","overlay-color":"","overlay-opacity":"","overlay-gradient":""}},"ast-content-background-meta":{"desktop":{"background-color":"var(--ast-global-color-4)","background-image":"","background-repeat":"repeat","background-position":"center center","background-size":"auto","background-attachment":"scroll","background-type":"","background-media":"","overlay-type":"","overlay-color":"","overlay-opacity":"","overlay-gradient":""},"tablet":{"background-color":"var(--ast-global-color-4)","background-image":"","background-repeat":"repeat","background-position":"center center","background-size":"auto","background-attachment":"scroll","background-type":"","background-media":"","overlay-type":"","overlay-color":"","overlay-opacity":"","overlay-gradient":""},"mobile":{"background-color":"var(--ast-global-color-4)","background-image":"","background-repeat":"repeat","background-position":"center center","background-size":"auto","background-attachment":"scroll","background-type":"","background-media":"","overlay-type":"","overlay-color":"","overlay-opacity":"","overlay-gradient":""}},"_jetpack_memberships_contains_paid_content":false,"footnotes":""},"categories":[1,58],"tags":[],"class_list":["post-4687","post","type-post","status-publish","format-standard","has-post-thumbnail","hentry","category-blog","category-blogs"],"jetpack_featured_media_url":"https:\/\/mostebglass.com\/wp-content\/uploads\/2026\/03\/annealed-vs-tempered-glass-03.webp","jetpack_sharing_enabled":true,"_links":{"self":[{"href":"https:\/\/mostebglass.com\/hu\/wp-json\/wp\/v2\/posts\/4687","targetHints":{"allow":["GET"]}}],"collection":[{"href":"https:\/\/mostebglass.com\/hu\/wp-json\/wp\/v2\/posts"}],"about":[{"href":"https:\/\/mostebglass.com\/hu\/wp-json\/wp\/v2\/types\/post"}],"author":[{"embeddable":true,"href":"https:\/\/mostebglass.com\/hu\/wp-json\/wp\/v2\/users\/3"}],"replies":[{"embeddable":true,"href":"https:\/\/mostebglass.com\/hu\/wp-json\/wp\/v2\/comments?post=4687"}],"version-history":[{"count":5,"href":"https:\/\/mostebglass.com\/hu\/wp-json\/wp\/v2\/posts\/4687\/revisions"}],"predecessor-version":[{"id":4699,"href":"https:\/\/mostebglass.com\/hu\/wp-json\/wp\/v2\/posts\/4687\/revisions\/4699"}],"wp:featuredmedia":[{"embeddable":true,"href":"https:\/\/mostebglass.com\/hu\/wp-json\/wp\/v2\/media\/4693"}],"wp:attachment":[{"href":"https:\/\/mostebglass.com\/hu\/wp-json\/wp\/v2\/media?parent=4687"}],"wp:term":[{"taxonomy":"category","embeddable":true,"href":"https:\/\/mostebglass.com\/hu\/wp-json\/wp\/v2\/categories?post=4687"},{"taxonomy":"post_tag","embeddable":true,"href":"https:\/\/mostebglass.com\/hu\/wp-json\/wp\/v2\/tags?post=4687"}],"curies":[{"name":"wp","href":"https:\/\/api.w.org\/{rel}","templated":true}]}}