{"id":4687,"date":"2026-03-10T13:01:48","date_gmt":"2026-03-10T05:01:48","guid":{"rendered":"https:\/\/mostebglass.com\/?p=4687"},"modified":"2026-03-10T13:01:55","modified_gmt":"2026-03-10T05:01:55","slug":"annealed-vs-tempered-glass-for-tealight-holders","status":"publish","type":"post","link":"https:\/\/mostebglass.com\/tr\/annealed-vs-tempered-glass-for-tealight-holders\/","title":{"rendered":"Mumluklar i\u00e7in Tavlanm\u0131\u015f Cam ve Temperli Cam Kar\u015f\u0131la\u015ft\u0131rmas\u0131"},"content":{"rendered":"<div data-elementor-type=\"wp-post\" data-elementor-id=\"4687\" class=\"elementor elementor-4687\" data-elementor-settings=\"{&quot;ha_cmc_init_switcher&quot;:&quot;no&quot;}\" data-elementor-post-type=\"post\">\n\t\t\t\t<div class=\"elementor-element elementor-element-9453da9 e-flex e-con-boxed e-con e-parent\" data-id=\"9453da9\" data-element_type=\"container\" data-e-type=\"container\" data-settings=\"{&quot;_ha_eqh_enable&quot;:false}\">\n\t\t\t\t\t<div class=\"e-con-inner\">\n\t\t\t\t<div class=\"elementor-element elementor-element-eb189b7 elementor-widget elementor-widget-text-editor\" data-id=\"eb189b7\" data-element_type=\"widget\" data-e-type=\"widget\" data-widget_type=\"text-editor.default\">\n\t\t\t\t\t\t\t\t\t<p>Sonu\u00e7lar, tavlanm\u0131\u015f cam ile temperlenmi\u015f cam aras\u0131ndaki farka ba\u011fl\u0131d\u0131r. Mum fabrikalar\u0131nda ve cam tedarik zincirlerinde on be\u015f y\u0131ll\u0131k g\u00f6m\u00fcl\u00fc hizmet deneyimim var ve i\u015fte ac\u0131 ger\u00e7ek: \u00e7o\u011funlu\u011fu <a href=\"https:\/\/mostebglass.com\/tr\/\">tealight tutucu<\/a> Ar\u0131zalar tasar\u0131m, koku ya\u011f\u0131 kimyas\u0131 veya fitilin \u00e7ap\u0131yla ilgili de\u011fil; aylar \u00f6nce yirmi dakikal\u0131k bir tedarik toplant\u0131s\u0131 olarak nitelendirilen bir s\u00fcre\u00e7te al\u0131nan tek bir malzeme karar\u0131yla ba\u011flant\u0131l\u0131.<\/p><p>Peki, mumda hangi cam erimez?<\/p>\t\t\t\t\t\t\t\t<\/div>\n\t\t\t\t<div class=\"elementor-element elementor-element-c876c93 elementor-widget elementor-widget-heading\" data-id=\"c876c93\" data-element_type=\"widget\" data-e-type=\"widget\" data-widget_type=\"heading.default\">\n\t\t\t\t\t<h2 class=\"elementor-heading-title elementor-size-default\">1. Sekt\u00f6r\u00fcn Kimsenin Y\u00fcksek Sesle S\u00f6ylemedi\u011fi Ger\u00e7e\u011fi<\/h2>\t\t\t\t<\/div>\n\t\t\t\t<div class=\"elementor-element elementor-element-26a8229 elementor-widget elementor-widget-text-editor\" data-id=\"26a8229\" data-element_type=\"widget\" data-e-type=\"widget\" data-widget_type=\"text-editor.default\">\n\t\t\t\t\t\t\t\t\t<p>Tavlanm\u0131\u015f cam bask\u0131nd\u0131r.<\/p><p>Bu cam t\u00fcr\u00fc, erimi\u015f soda-kire\u00e7 cam\u0131n\u0131n (SiO2 =, Na2O =, CaO =) tavlama f\u0131r\u0131n\u0131nda yakla\u015f\u0131k 540-600 \u00b0C&#039;de so\u011fuyarak yava\u015f\u00e7a kat\u0131la\u015fmas\u0131 ve i\u00e7 gerilimi ortadan kald\u0131rmas\u0131 nedeniyle, tavlanm\u0131\u015f cam \u00fcretim s\u00fcrecinin kolayl\u0131\u011f\u0131ndan dolay\u0131 se\u00e7ilmi\u015ftir. Ucuz. \u00d6ng\u00f6r\u00fclebilir. H\u0131zl\u0131.<\/p><p>Ancak \u0131s\u0131, denklemi de\u011fi\u015ftirir.<\/p><p>Mumun fitilindeki alev 800-1000\u00b0C&#039;ye kadar yanarken, g\u00f6vde y\u00fczeyi duvar kal\u0131nl\u0131\u011f\u0131na ve hava ak\u0131\u015f\u0131na ba\u011fl\u0131 olarak 120-250\u00b0C aras\u0131nda so\u011fur. \u0130\u015fte bu noktada tavlanm\u0131\u015f ve temperlenmi\u015f cam aras\u0131ndaki fark ortaya \u00e7\u0131kar.<\/p><p>40-60\u00b0C s\u0131cakl\u0131k fark\u0131nda, tavlanm\u0131\u015f cam termal \u015fok nedeniyle k\u0131r\u0131l\u0131r.<\/p><p>Temperli cam m\u0131? Genellikle 200\u00b0C&#039;nin \u00fczerindeki s\u0131cakl\u0131klara dayan\u0131r.<\/p><p>Bu bir pazarlama metni de\u011fil. Bu fizik.<\/p><p>Ve ben sonu\u00e7lar\u0131na \u015fahit oldum.<\/p><p>2024 y\u0131l\u0131nda, ABD T\u00fcketici \u00dcr\u00fcn G\u00fcvenli\u011fi Komisyonu, termal stres nedeniyle \u00e7atlayan mum kaplar\u0131yla ilgili \u00e7e\u015fitli geri \u00e7a\u011f\u0131rmalar\u0131 kaydetti. ABD T\u00fcketici \u00dcr\u00fcn G\u00fcvenli\u011fi Komisyonu&#039;nun h\u00fck\u00fcmet geri \u00e7a\u011f\u0131rma bildiriminde belirtildi\u011fi \u00fczere, yang\u0131n tehlikesi nedeniyle 1 milyondan fazla mum geri \u00e7a\u011fr\u0131ld\u0131.<\/p><p>Tetikleyici neydi?<\/p><p>Konteyner ar\u0131zas\u0131.<\/p><p>Ne koku, ne fitil.<\/p><p>Bardak.<\/p>\t\t\t\t\t\t\t\t<\/div>\n\t\t\t\t<div class=\"elementor-element elementor-element-b81205c elementor-widget elementor-widget-heading\" data-id=\"b81205c\" data-element_type=\"widget\" data-e-type=\"widget\" data-widget_type=\"heading.default\">\n\t\t\t\t\t<h2 class=\"elementor-heading-title elementor-size-default\">2. Tavlanm\u0131\u015f Cam: Ucuz, Esnek, Riskli<\/h2>\t\t\t\t<\/div>\n\t\t\t\t<div class=\"elementor-element elementor-element-12e907d elementor-widget elementor-widget-text-editor\" data-id=\"12e907d\" data-element_type=\"widget\" data-e-type=\"widget\" data-widget_type=\"text-editor.default\">\n\t\t\t\t\t\t\t\t\t<p>K\u0131sa bir c\u00fcmle. Her yerde.<\/p><p>B\u00fcy\u00fck k\u0131sm\u0131 <a href=\"https:\/\/mostebglass.com\/tr\/cam-mum-kavanozlari\/\">dekoratif mumluklar<\/a> D\u00fcnya pazar\u0131nda bulunan bu cam, ince \u015fekillere b\u00fck\u00fclme kolayl\u0131\u011f\u0131, kabartma desenler olu\u015fturulabilmesi veya ikincil i\u015fleme gerek kalmadan b\u00fcy\u00fck dekoratif partiler halinde \u015fekillendirilebilmesi nedeniyle tavlanm\u0131\u015f cam ile \u00e7al\u0131\u015fmaktad\u0131r.<\/p><p>Ancak burada, sat\u0131n alma departman\u0131nda kimsenin konu\u015fmak istemeyece\u011fi bir dezavantaj s\u00f6z konusu.<\/p><p>Is\u0131l i\u015flem g\u00f6rm\u00fc\u015f cam\u0131n bozulmas\u0131 durumunda, b\u00fcy\u00fck ve keskin par\u00e7alara ayr\u0131l\u0131r.<\/p><p>Bu, hukuken \u00f6nemlidir.<\/p><p>Reuters&#039;\u0131n haberine g\u00f6re bir mum kab\u0131 patlamas\u0131 vakas\u0131n\u0131n ard\u0131ndan a\u00e7\u0131lan \u00fcr\u00fcn sorumlulu\u011fu davas\u0131nda, \u00fcr\u00fcn sorumlulu\u011fu avukatlar\u0131, kab\u0131n k\u0131r\u0131lmas\u0131na ve yaralanmalara yol a\u00e7an fakt\u00f6rlerden biri olarak malzeme se\u00e7imini defalarca vurgulad\u0131.<\/p><p>Avukatlar da fiziksel kesinli\u011fe hayranl\u0131k duyarlar.<\/p>\t\t\t\t\t\t\t\t<\/div>\n\t\t\t\t<div class=\"elementor-element elementor-element-cdc3613 elementor-widget elementor-widget-image\" data-id=\"cdc3613\" data-element_type=\"widget\" data-e-type=\"widget\" data-widget_type=\"image.default\">\n\t\t\t\t\t\t\t\t\t\t\t\t\t\t\t<img fetchpriority=\"high\" decoding=\"async\" width=\"1000\" height=\"750\" src=\"https:\/\/mostebglass.com\/wp-content\/uploads\/2026\/03\/annealed-vs-tempered-glass-03.webp\" class=\"attachment-full size-full wp-image-4693\" alt=\"Tavlanm\u0131\u015f cam ile temperlenmi\u015f cam aras\u0131ndaki fark\" srcset=\"https:\/\/mostebglass.com\/wp-content\/uploads\/2026\/03\/annealed-vs-tempered-glass-03.webp 1000w, https:\/\/mostebglass.com\/wp-content\/uploads\/2026\/03\/annealed-vs-tempered-glass-03-768x576.webp 768w, https:\/\/mostebglass.com\/wp-content\/uploads\/2026\/03\/annealed-vs-tempered-glass-03-16x12.webp 16w, https:\/\/mostebglass.com\/wp-content\/uploads\/2026\/03\/annealed-vs-tempered-glass-03-600x450.webp 600w\" sizes=\"(max-width: 1000px) 100vw, 1000px\" \/>\t\t\t\t\t\t\t\t\t\t\t\t\t\t\t<\/div>\n\t\t\t\t<div class=\"elementor-element elementor-element-be8dc60 elementor-widget elementor-widget-heading\" data-id=\"be8dc60\" data-element_type=\"widget\" data-e-type=\"widget\" data-widget_type=\"heading.default\">\n\t\t\t\t\t<h2 class=\"elementor-heading-title elementor-size-default\">3. Temperli Cam: G\u00fcvenlikte Y\u00fckseltme<\/h2>\t\t\t\t<\/div>\n\t\t\t\t<div class=\"elementor-element elementor-element-12f3405 elementor-widget elementor-widget-text-editor\" data-id=\"12f3405\" data-element_type=\"widget\" data-e-type=\"widget\" data-widget_type=\"text-editor.default\">\n\t\t\t\t\t\t\t\t\t<p>\u015eimdi de di\u011fer tarafa ge\u00e7elim.<\/p><p>Temperli cam, yakla\u015f\u0131k 620-650 santigrat dereceye kadar tekrar \u0131s\u0131t\u0131lan ve ard\u0131ndan \u00e7ok h\u0131zl\u0131 so\u011fumas\u0131 i\u00e7in y\u00fcksek bas\u0131n\u00e7l\u0131 hava ile p\u00fcsk\u00fcrt\u00fclen tavlanm\u0131\u015f camd\u0131r.<\/p><p>Sonu\u00e7?<\/p><p>Y\u00fczey s\u0131k\u0131\u015ft\u0131rmas\u0131.<\/p><p>\u0130\u00e7sel gerilim.<\/p><p>Bu da temperli cama g\u00fcvenlik \u00f6zellikleri kazand\u0131r\u0131yor, yani \u015f\u00f6yle biliniyor:<\/p><p>Mekanik olarak 4-5 kat daha g\u00fc\u00e7l\u00fc. Termal \u015fok \u00e7ok daha b\u00fcy\u00fck. B\u0131\u00e7aklar yerine minik taneciklere ayr\u0131lan ek k\u0131r\u0131lmalar.<\/p><p>Ama bir sorun var.<\/p><p>Tasar\u0131m \u00f6zg\u00fcrl\u00fc\u011f\u00fc, temperleme yoluyla k\u0131s\u0131tlan\u0131r.<\/p><p>\u0130nce kabartma desenleri mi? Zor. Karma\u015f\u0131k dekoratif \u015fekiller mi? Riskli. Ultra ince duvarlar m\u0131? \u00c7o\u011fu zaman imkans\u0131z.<\/p><p>Dolay\u0131s\u0131yla sekt\u00f6rdeki \u00f6d\u00fcnle\u015fme tekrar ortaya \u00e7\u0131k\u0131yor.<\/p><p>Dekorasyon mu, g\u00fcvenlik mi?<\/p>\t\t\t\t\t\t\t\t<\/div>\n\t\t\t\t<div class=\"elementor-element elementor-element-23cfd6f elementor-widget elementor-widget-heading\" data-id=\"23cfd6f\" data-element_type=\"widget\" data-e-type=\"widget\" data-widget_type=\"heading.default\">\n\t\t\t\t\t<h2 class=\"elementor-heading-title elementor-size-default\">4. Mum yap\u0131m\u0131nda temperli cam ne i\u00e7in kullan\u0131l\u0131r?<\/h2>\t\t\t\t<\/div>\n\t\t\t\t<div class=\"elementor-element elementor-element-9776cb0 elementor-widget elementor-widget-text-editor\" data-id=\"9776cb0\" data-element_type=\"widget\" data-e-type=\"widget\" data-widget_type=\"text-editor.default\">\n\t\t\t\t\t\t\t\t\t<p>A\u00e7\u0131k konu\u015fal\u0131m.<\/p><p>Premium mumlar.<\/p><p>B\u00fcy\u00fck kaplar. \u00c7ok fitilli kavanozlar. D\u0131\u015f mekan mum fenerleri.<\/p><p>Asl\u0131nda, Statista taraf\u0131ndan belgelenen piyasa istatistiklerine g\u00f6re, uluslararas\u0131 mum pazar\u0131 2024 y\u0131l\u0131nda 13 milyar dolar\u0131n \u00fczerinde bir de\u011fere sahipti ve t\u00fcketicilerin daha g\u00fcvenli ambalaj sat\u0131n ald\u0131klar\u0131na inand\u0131\u011f\u0131 premium segment, en h\u0131zl\u0131 b\u00fcy\u00fcyen kategori oldu.<\/p><p>Bu markalar\u0131n isimlerinde neredeyse her zaman temperli camdan bahsedilir.<\/p><p>Daha iyi g\u00f6r\u00fcnd\u00fc\u011f\u00fc i\u00e7in de\u011fil.<\/p><p>\u00c7\u00fcnk\u00fc dava masraflar\u0131 cam masraf\u0131ndan daha pahal\u0131.<\/p>\t\t\t\t\t\t\t\t<\/div>\n\t\t\t\t<div class=\"elementor-element elementor-element-1f1e1e4 elementor-widget elementor-widget-image\" data-id=\"1f1e1e4\" data-element_type=\"widget\" data-e-type=\"widget\" data-widget_type=\"image.default\">\n\t\t\t\t\t\t\t\t\t\t\t\t\t\t\t<img decoding=\"async\" width=\"1000\" height=\"750\" src=\"https:\/\/mostebglass.com\/wp-content\/uploads\/2026\/03\/annealed-vs-tempered-glass-01.webp\" class=\"attachment-full size-full wp-image-4695\" alt=\"Tavlanm\u0131\u015f cam ile temperlenmi\u015f cam aras\u0131ndaki fark\" srcset=\"https:\/\/mostebglass.com\/wp-content\/uploads\/2026\/03\/annealed-vs-tempered-glass-01.webp 1000w, https:\/\/mostebglass.com\/wp-content\/uploads\/2026\/03\/annealed-vs-tempered-glass-01-768x576.webp 768w, https:\/\/mostebglass.com\/wp-content\/uploads\/2026\/03\/annealed-vs-tempered-glass-01-16x12.webp 16w, https:\/\/mostebglass.com\/wp-content\/uploads\/2026\/03\/annealed-vs-tempered-glass-01-600x450.webp 600w\" sizes=\"(max-width: 1000px) 100vw, 1000px\" \/>\t\t\t\t\t\t\t\t\t\t\t\t\t\t\t<\/div>\n\t\t\t\t<div class=\"elementor-element elementor-element-505b497 elementor-widget elementor-widget-heading\" data-id=\"505b497\" data-element_type=\"widget\" data-e-type=\"widget\" data-widget_type=\"heading.default\">\n\t\t\t\t\t<h2 class=\"elementor-heading-title elementor-size-default\">5. Somut Veriler: Yan Yana Kar\u015f\u0131la\u015ft\u0131rma<\/h2>\t\t\t\t<\/div>\n\t\t\t\t<div class=\"elementor-element elementor-element-0542ce5 elementor-widget elementor-widget-text-editor\" data-id=\"0542ce5\" data-element_type=\"widget\" data-e-type=\"widget\" data-widget_type=\"text-editor.default\">\n\t\t\t\t\t\t\t\t\t<table style=\"border-collapse: collapse; width: 100%;\" border=\"0\" width=\"216\" cellspacing=\"0\" cellpadding=\"0\"><tbody><tr style=\"height: 13.50pt;\"><td style=\"height: 13.50pt; width: 54.00pt;\" width=\"72\" height=\"18\">M\u00fclk<\/td><td style=\"width: 54.00pt;\" width=\"72\">Tavlanm\u0131\u015f Cam<\/td><td style=\"width: 54.00pt;\" width=\"72\">Temperli Cam<\/td><\/tr><tr style=\"height: 13.50pt;\"><td style=\"height: 13.50pt;\" height=\"18\">\u00dcretim Y\u00f6ntemi<\/td><td>Tavlama f\u0131r\u0131n\u0131 yoluyla yava\u015f so\u011futma<\/td><td>Tekrar \u0131s\u0131t\u0131ld\u0131ktan sonra h\u0131zl\u0131 hava ile so\u011futma<\/td><\/tr><tr style=\"height: 13.50pt;\"><td style=\"height: 13.50pt;\" height=\"18\">Termal \u015eok Direnci<\/td><td>~40\u201360 \u00b0C<\/td><td>~200 \u00b0C&#039;ye kadar<\/td><\/tr><tr style=\"height: 13.50pt;\"><td style=\"height: 13.50pt;\" height=\"18\">Mekanik Mukavemet<\/td><td>Temel<\/td><td>~4\u20135 kat daha g\u00fc\u00e7l\u00fc<\/td><\/tr><tr style=\"height: 13.50pt;\"><td style=\"height: 13.50pt;\" height=\"18\">K\u0131r\u0131lma Modeli<\/td><td>B\u00fcy\u00fck keskin par\u00e7alar<\/td><td>K\u00fc\u00e7\u00fck tanecikli par\u00e7alar<\/td><\/tr><tr style=\"height: 13.50pt;\"><td style=\"height: 13.50pt;\" height=\"18\">Maliyet<\/td><td>Daha d\u00fc\u015f\u00fck<\/td><td>-40 daha y\u00fcksek<\/td><\/tr><tr style=\"height: 13.50pt;\"><td style=\"height: 13.50pt;\" height=\"18\">Tasar\u0131m Esnekli\u011fi<\/td><td>Harika<\/td><td>Temperlemeden sonra s\u0131n\u0131rl\u0131<\/td><\/tr><tr style=\"height: 13.50pt;\"><td style=\"height: 13.50pt;\" height=\"18\">Tipik Kullan\u0131m<\/td><td>Dekoratif mumluklar, uygun fiyatl\u0131 tealight mumlar<\/td><td>Premium veya g\u00fcvenlik odakl\u0131 mum kavanozlar\u0131<\/td><\/tr><\/tbody><\/table><p data-start=\"4787\" data-end=\"4800\">Tek c\u00fcmleyle \u00f6zetlemek gerekirse: Fizik kazan\u0131r.<\/p>\t\t\t\t\t\t\t\t<\/div>\n\t\t\t\t<div class=\"elementor-element elementor-element-0f2a28d elementor-widget elementor-widget-heading\" data-id=\"0f2a28d\" data-element_type=\"widget\" data-e-type=\"widget\" data-widget_type=\"heading.default\">\n\t\t\t\t\t<h2 class=\"elementor-heading-title elementor-size-default\">6. Mumluklar \u0130\u00e7in En \u0130yi Cam (D\u00fcr\u00fcst Cevap)<\/h2>\t\t\t\t<\/div>\n\t\t\t\t<div class=\"elementor-element elementor-element-d662b2d elementor-widget elementor-widget-text-editor\" data-id=\"d662b2d\" data-element_type=\"widget\" data-e-type=\"widget\" data-widget_type=\"text-editor.default\">\n\t\t\t\t\t\t\t\t\t<p>\u0130nsanlar tek bir cevap istiyor.<\/p><p>\u00d6yle bir \u015fey yok.<\/p><p>Is\u0131l i\u015flem g\u00f6rm\u00fc\u015f cam, duvar kal\u0131nl\u0131\u011f\u0131n\u0131n 2,5-3 mm&#039;den az olmamas\u0131 ve alev mesafesinin korunmas\u0131 ko\u015fuluyla, ucuz dekoratif tealight mumlar\u0131n mevsimlik perakende \u00fcretiminde genellikle iyi sonu\u00e7 verir.<\/p><p>Ama e\u011fer \u00fcretim yap\u0131yorsan\u0131z:<\/p><p>L\u00fcks mumlar, b\u00fcy\u00fck \u00e7apl\u0131 tealight mumlar, otel ve restoran sekt\u00f6r\u00fcne y\u00f6nelik mumlar (hacimli) ihracat\u0131.<\/p><p>Temperli cam daha g\u00fcvenlidir.<\/p><p>Ve d\u00fczenleyici kurumlar\u0131n hepsi ayn\u0131 g\u00f6r\u00fc\u015fe var\u0131yor.<\/p><p>Avrupa EN 15493 mum yang\u0131n\u0131 g\u00fcvenlik standartlar\u0131, mum kaplar\u0131n\u0131n malzemesinin k\u0131r\u0131lmadan tekrarlayan \u0131s\u0131 d\u00f6ng\u00fclerine dayanabilmesi gerekti\u011fini belirtmektedir; ancak bir\u00e7ok ince, tavlanm\u0131\u015f mum kab\u0131 bu \u00f6zelli\u011fe sahip de\u011fildir.<\/p>\t\t\t\t\t\t\t\t<\/div>\n\t\t\t\t<div class=\"elementor-element elementor-element-3459412 elementor-widget elementor-widget-heading\" data-id=\"3459412\" data-element_type=\"widget\" data-e-type=\"widget\" data-widget_type=\"heading.default\">\n\t\t\t\t\t<h2 class=\"elementor-heading-title elementor-size-default\">7. Mum \u00dcretimi \u0130\u00e7in Cam \u00c7e\u015fitleri Nas\u0131l Se\u00e7ilir?<\/h2>\t\t\t\t<\/div>\n\t\t\t\t<div class=\"elementor-element elementor-element-a2541d5 elementor-widget elementor-widget-text-editor\" data-id=\"a2541d5\" data-element_type=\"widget\" data-e-type=\"widget\" data-widget_type=\"text-editor.default\">\n\t\t\t\t\t\t\t\t\t<p>\u00dc\u00e7 soru sorun:<\/p><ul><li>Kab\u0131n s\u0131cakl\u0131\u011f\u0131 ne olacak? \u00c7ok fitilli mum, tealight mumlara g\u00f6re \u00e7ok daha fazla \u0131s\u0131 yayar.<\/li><li>Cam ne kadar ince? 2,5 mm&#039;den daha ince camlar y\u00fcksek risklere maruz kal\u0131r.<\/li><li>Mum nerede sat\u0131lacak? ABD ve AB&#039;deki \u00fcr\u00fcn sorumlulu\u011fu yasalar\u0131, geli\u015fmekte olan pazarlara k\u0131yasla son derece kat\u0131.<\/li><\/ul><p>Bu sorular\u0131 g\u00f6rmezden gelirseniz mum yapm\u0131yorsunuz, kumar oynuyorsunuz demektir.<\/p>\t\t\t\t\t\t\t\t<\/div>\n\t\t\t\t<div class=\"elementor-element elementor-element-45ec1df elementor-widget elementor-widget-image\" data-id=\"45ec1df\" data-element_type=\"widget\" data-e-type=\"widget\" data-widget_type=\"image.default\">\n\t\t\t\t\t\t\t\t\t\t\t\t\t\t\t<img decoding=\"async\" width=\"1000\" height=\"750\" src=\"https:\/\/mostebglass.com\/wp-content\/uploads\/2026\/03\/annealed-vs-tempered-glass-02.webp\" class=\"attachment-full size-full wp-image-4696\" alt=\"Tavlanm\u0131\u015f cam ile temperlenmi\u015f cam aras\u0131ndaki fark\" srcset=\"https:\/\/mostebglass.com\/wp-content\/uploads\/2026\/03\/annealed-vs-tempered-glass-02.webp 1000w, https:\/\/mostebglass.com\/wp-content\/uploads\/2026\/03\/annealed-vs-tempered-glass-02-768x576.webp 768w, https:\/\/mostebglass.com\/wp-content\/uploads\/2026\/03\/annealed-vs-tempered-glass-02-16x12.webp 16w, https:\/\/mostebglass.com\/wp-content\/uploads\/2026\/03\/annealed-vs-tempered-glass-02-600x450.webp 600w\" sizes=\"(max-width: 1000px) 100vw, 1000px\" \/>\t\t\t\t\t\t\t\t\t\t\t\t\t\t\t<\/div>\n\t\t\t\t<div class=\"elementor-element elementor-element-6b1f69d elementor-widget elementor-widget-heading\" data-id=\"6b1f69d\" data-element_type=\"widget\" data-e-type=\"widget\" data-widget_type=\"heading.default\">\n\t\t\t\t\t<h2 class=\"elementor-heading-title elementor-size-default\">8. Ev Dekorasyonunda Temperli Cam \u0130\u00e7in E\u015f Anlaml\u0131 Kelimeler<\/h2>\t\t\t\t<\/div>\n\t\t\t\t<div class=\"elementor-element elementor-element-6ed5f18 elementor-widget elementor-widget-text-editor\" data-id=\"6ed5f18\" data-element_type=\"widget\" data-e-type=\"widget\" data-widget_type=\"text-editor.default\">\n\t\t\t\t\t\t\t\t\t<p>Bunun yerine \u015f\u00f6yle yaz\u0131yorlar:<\/p><p>Sertle\u015ftirilmi\u015f cam, g\u00fcvenlik cam\u0131, \u0131s\u0131ya dayan\u0131kl\u0131 cam, \u0131s\u0131 ile g\u00fc\u00e7lendirilmi\u015f camlar.<\/p><p>Ayn\u0131 i\u00e7erik \u2013 Farkl\u0131 pazarlama.<\/p>\t\t\t\t\t\t\t\t<\/div>\n\t\t\t\t<div class=\"elementor-element elementor-element-175aeb9 elementor-widget elementor-widget-heading\" data-id=\"175aeb9\" data-element_type=\"widget\" data-e-type=\"widget\" data-widget_type=\"heading.default\">\n\t\t\t\t\t<h2 class=\"elementor-heading-title elementor-size-default\">S\u0131k\u00e7a Sorulan Sorular<\/h2>\t\t\t\t<\/div>\n\t\t\t\t<div class=\"elementor-element elementor-element-92c7c06 elementor-widget elementor-widget-heading\" data-id=\"92c7c06\" data-element_type=\"widget\" data-e-type=\"widget\" data-widget_type=\"heading.default\">\n\t\t\t\t\t<h3 class=\"elementor-heading-title elementor-size-default\">1. Tavlanm\u0131\u015f cam ile temperlenmi\u015f cam aras\u0131ndaki fark nedir?<\/h3>\t\t\t\t<\/div>\n\t\t\t\t<div class=\"elementor-element elementor-element-84a5988 elementor-widget elementor-widget-text-editor\" data-id=\"84a5988\" data-element_type=\"widget\" data-e-type=\"widget\" data-widget_type=\"text-editor.default\">\n\t\t\t\t\t\t\t\t\t<p>Tavlanm\u0131\u015f cam ile temperlenmi\u015f cam, iki farkl\u0131 cam i\u015fleme y\u00f6nteminin kar\u015f\u0131la\u015ft\u0131r\u0131lmas\u0131d\u0131r. Tavlanm\u0131\u015f cam, \u015fekillendirildikten sonra kademeli olarak so\u011fumaya b\u0131rak\u0131l\u0131rken, temperlenmi\u015f cam yakla\u015f\u0131k 620\u00b0C&#039;ye kadar \u0131s\u0131t\u0131l\u0131p ard\u0131ndan hava ile so\u011futularak, mukavemeti, \u0131s\u0131 direncini ve daha g\u00fcvenli k\u0131r\u0131lma davran\u0131\u015f\u0131n\u0131 b\u00fcy\u00fck \u00f6l\u00e7\u00fcde art\u0131ran s\u0131k\u0131\u015ft\u0131r\u0131lm\u0131\u015f d\u0131\u015f y\u00fczeyler olu\u015fturulur.<\/p>\t\t\t\t\t\t\t\t<\/div>\n\t\t\t\t<div class=\"elementor-element elementor-element-95c4f70 elementor-widget elementor-widget-heading\" data-id=\"95c4f70\" data-element_type=\"widget\" data-e-type=\"widget\" data-widget_type=\"heading.default\">\n\t\t\t\t\t<h3 class=\"elementor-heading-title elementor-size-default\">2. Mumluklar i\u00e7in en iyi cam hangisidir?<\/h3>\t\t\t\t<\/div>\n\t\t\t\t<div class=\"elementor-element elementor-element-74d5744 elementor-widget elementor-widget-text-editor\" data-id=\"74d5744\" data-element_type=\"widget\" data-e-type=\"widget\" data-widget_type=\"text-editor.default\">\n\t\t\t\t\t\t\t\t\t<p>Mumluklarda kullan\u0131lacak cam, g\u00fcvenlik fakt\u00f6r\u00fcne ve tasar\u0131ma ba\u011fl\u0131 olarak de\u011fi\u015febilir, ancak genellikle temperli cam kullan\u0131l\u0131r \u00e7\u00fcnk\u00fc normal cama g\u00f6re daha b\u00fcy\u00fck termal \u015foka ve mum \u0131s\u0131 d\u00f6ng\u00fclerine (150\u00b0C&#039;nin \u00fczerinde) daha dayan\u0131kl\u0131d\u0131r ve k\u0131r\u0131lma meydana geldi\u011finde keskin cisimler yerine daha k\u00fc\u00e7\u00fck gran\u00fcllere ayr\u0131l\u0131r.<\/p>\t\t\t\t\t\t\t\t<\/div>\n\t\t\t\t<div class=\"elementor-element elementor-element-a2de836 elementor-widget elementor-widget-heading\" data-id=\"a2de836\" data-element_type=\"widget\" data-e-type=\"widget\" data-widget_type=\"heading.default\">\n\t\t\t\t\t<h3 class=\"elementor-heading-title elementor-size-default\">3. Temperli cam mumluklar \u0131s\u0131ya dayan\u0131kl\u0131 m\u0131d\u0131r?<\/h3>\t\t\t\t<\/div>\n\t\t\t\t<div class=\"elementor-element elementor-element-d551ddd elementor-widget elementor-widget-text-editor\" data-id=\"d551ddd\" data-element_type=\"widget\" data-e-type=\"widget\" data-widget_type=\"text-editor.default\">\n\t\t\t\t\t\t\t\t\t<p>Bunun nedeni, \u0131s\u0131l i\u015flem s\u0131ras\u0131nda malzemenin s\u0131k\u0131\u015ft\u0131r\u0131lmas\u0131 ve kab\u0131n \u00e7atlamadan yakla\u015f\u0131k 200\u00b0C&#039;ye kadar s\u0131cakl\u0131k fark\u0131na dayanabilmesidir; bu durum, s\u0131cakl\u0131k de\u011fi\u015fimlerinden dolay\u0131 bozulan cam mum kaplar\u0131na k\u0131yasla \u00e7ok daha iyidir.<\/p>\t\t\t\t\t\t\t\t<\/div>\n\t\t\t\t<div class=\"elementor-element elementor-element-526c454 elementor-widget elementor-widget-heading\" data-id=\"526c454\" data-element_type=\"widget\" data-e-type=\"widget\" data-widget_type=\"heading.default\">\n\t\t\t\t\t<h3 class=\"elementor-heading-title elementor-size-default\">4. Is\u0131l i\u015flem g\u00f6rm\u00fc\u015f cam mumlar i\u00e7in g\u00fcvenli de\u011fil midir?<\/h3>\t\t\t\t<\/div>\n\t\t\t\t<div class=\"elementor-element elementor-element-5e7b1ba elementor-widget elementor-widget-text-editor\" data-id=\"5e7b1ba\" data-element_type=\"widget\" data-e-type=\"widget\" data-widget_type=\"text-editor.default\">\n\t\t\t\t\t\t\t\t\t<p>Is\u0131l i\u015flem g\u00f6rm\u00fc\u015f cam, mumlar i\u00e7in mutlaka g\u00fcvensiz de\u011fildir, ancak ince mumluklarda, \u00e7ok fitilli tasar\u0131mlarda veya yetersiz havaland\u0131rmal\u0131 mumluklarda g\u00fcvensiz olabilir; \u00e7\u00fcnk\u00fc \u0131s\u0131l \u015foka kar\u015f\u0131 dayan\u0131kl\u0131l\u0131\u011f\u0131 temperli cama g\u00f6re \u00e7ok daha s\u0131n\u0131rl\u0131d\u0131r ve s\u0131k \u0131s\u0131tma d\u00f6ng\u00fclerinde \u00e7atlama veya k\u0131r\u0131lma olas\u0131l\u0131\u011f\u0131 daha y\u00fcksektir.<\/p>\t\t\t\t\t\t\t\t<\/div>\n\t\t\t\t\t<\/div>\n\t\t\t\t<\/div>\n\t\t\t\t<\/div>","protected":false},"excerpt":{"rendered":"<p>Mumluklar i\u00e7in tavlanm\u0131\u015f cam m\u0131 yoksa temperli cam m\u0131? G\u00fcvenlik, \u0131s\u0131ya dayan\u0131kl\u0131l\u0131k ve maliyet a\u00e7\u0131s\u0131ndan kar\u015f\u0131la\u015ft\u0131rarak mum \u00fcretimi i\u00e7in en iyi cam\u0131 se\u00e7in.<\/p>","protected":false},"author":3,"featured_media":4693,"comment_status":"closed","ping_status":"open","sticky":false,"template":"","format":"standard","meta":{"site-sidebar-layout":"default","site-content-layout":"","ast-site-content-layout":"default","site-content-style":"default","site-sidebar-style":"default","ast-global-header-display":"","ast-banner-title-visibility":"","ast-main-header-display":"","ast-hfb-above-header-display":"","ast-hfb-below-header-display":"","ast-hfb-mobile-header-display":"","site-post-title":"","ast-breadcrumbs-content":"","ast-featured-img":"","footer-sml-layout":"","theme-transparent-header-meta":"","adv-header-id-meta":"","stick-header-meta":"","header-above-stick-meta":"","header-main-stick-meta":"","header-below-stick-meta":"","astra-migrate-meta-layouts":"default","ast-page-background-enabled":"default","ast-page-background-meta":{"desktop":{"background-color":"var(--ast-global-color-5)","background-image":"","background-repeat":"repeat","background-position":"center center","background-size":"auto","background-attachment":"scroll","background-type":"","background-media":"","overlay-type":"","overlay-color":"","overlay-opacity":"","overlay-gradient":""},"tablet":{"background-color":"","background-image":"","background-repeat":"repeat","background-position":"center center","background-size":"auto","background-attachment":"scroll","background-type":"","background-media":"","overlay-type":"","overlay-color":"","overlay-opacity":"","overlay-gradient":""},"mobile":{"background-color":"","background-image":"","background-repeat":"repeat","background-position":"center center","background-size":"auto","background-attachment":"scroll","background-type":"","background-media":"","overlay-type":"","overlay-color":"","overlay-opacity":"","overlay-gradient":""}},"ast-content-background-meta":{"desktop":{"background-color":"var(--ast-global-color-4)","background-image":"","background-repeat":"repeat","background-position":"center center","background-size":"auto","background-attachment":"scroll","background-type":"","background-media":"","overlay-type":"","overlay-color":"","overlay-opacity":"","overlay-gradient":""},"tablet":{"background-color":"var(--ast-global-color-4)","background-image":"","background-repeat":"repeat","background-position":"center center","background-size":"auto","background-attachment":"scroll","background-type":"","background-media":"","overlay-type":"","overlay-color":"","overlay-opacity":"","overlay-gradient":""},"mobile":{"background-color":"var(--ast-global-color-4)","background-image":"","background-repeat":"repeat","background-position":"center center","background-size":"auto","background-attachment":"scroll","background-type":"","background-media":"","overlay-type":"","overlay-color":"","overlay-opacity":"","overlay-gradient":""}},"_jetpack_memberships_contains_paid_content":false,"footnotes":""},"categories":[1,58],"tags":[],"class_list":["post-4687","post","type-post","status-publish","format-standard","has-post-thumbnail","hentry","category-blog","category-blogs"],"jetpack_featured_media_url":"https:\/\/mostebglass.com\/wp-content\/uploads\/2026\/03\/annealed-vs-tempered-glass-03.webp","jetpack_sharing_enabled":true,"_links":{"self":[{"href":"https:\/\/mostebglass.com\/tr\/wp-json\/wp\/v2\/posts\/4687","targetHints":{"allow":["GET"]}}],"collection":[{"href":"https:\/\/mostebglass.com\/tr\/wp-json\/wp\/v2\/posts"}],"about":[{"href":"https:\/\/mostebglass.com\/tr\/wp-json\/wp\/v2\/types\/post"}],"author":[{"embeddable":true,"href":"https:\/\/mostebglass.com\/tr\/wp-json\/wp\/v2\/users\/3"}],"replies":[{"embeddable":true,"href":"https:\/\/mostebglass.com\/tr\/wp-json\/wp\/v2\/comments?post=4687"}],"version-history":[{"count":5,"href":"https:\/\/mostebglass.com\/tr\/wp-json\/wp\/v2\/posts\/4687\/revisions"}],"predecessor-version":[{"id":4699,"href":"https:\/\/mostebglass.com\/tr\/wp-json\/wp\/v2\/posts\/4687\/revisions\/4699"}],"wp:featuredmedia":[{"embeddable":true,"href":"https:\/\/mostebglass.com\/tr\/wp-json\/wp\/v2\/media\/4693"}],"wp:attachment":[{"href":"https:\/\/mostebglass.com\/tr\/wp-json\/wp\/v2\/media?parent=4687"}],"wp:term":[{"taxonomy":"category","embeddable":true,"href":"https:\/\/mostebglass.com\/tr\/wp-json\/wp\/v2\/categories?post=4687"},{"taxonomy":"post_tag","embeddable":true,"href":"https:\/\/mostebglass.com\/tr\/wp-json\/wp\/v2\/tags?post=4687"}],"curies":[{"name":"wp","href":"https:\/\/api.w.org\/{rel}","templated":true}]}}